{"id":1787,"date":"2010-09-28T12:45:43","date_gmt":"2010-09-28T11:45:43","guid":{"rendered":"http:\/\/www.cdlpv.org\/dtl\/?p=1787"},"modified":"2010-09-28T12:45:43","modified_gmt":"2010-09-28T11:45:43","slug":"cercador-per-a-lacolliment-linguistic","status":"publish","type":"post","link":"https:\/\/www.cdlpv.org\/dtl\/2010\/09\/28\/cercador-per-a-lacolliment-linguistic\/","title":{"rendered":"Cercador per a l&#8217;acolliment ling\u00fc\u00edstic"},"content":{"rendered":"<p>La Secretaria de Pol\u00edtica Ling\u00fc\u00edstica de la Generalitat de Catalunya ens envia la nota de premsa seg\u00fcent:<\/p>\n<blockquote>\n<h2>Es posa en funcionament el Cercador de recursos per a l&#8217;acolliment ling\u00fc\u00edstic<\/h2>\n<h3>Es tracta d&#8217;una eina adre\u00e7ada a persones que realitzen tasques d&#8217;acolliment ling\u00fc\u00edstic en catal\u00e0 a persones adultes <\/h3>\n<p>Avui s\u2019ha posat en funcionament el Cercador de recursos per a l\u2019acolliment ling\u00fc\u00edstic <a href=\"http:\/\/gencat.cat\/llengua\/acolliment\/cercador\" target=\"_blank\"><em>http:\/\/gencat.cat\/llengua\/acolliment\/cercador<\/em><\/a>. Aquesta eina de la secretaria de Pol\u00edtica Ling\u00fc\u00edstica neix amb l\u2019objectiu de ser un espai virtual de refer\u00e8ncia per a aquells professionals de l\u2019acolliment ling\u00fc\u00edstic que treballen des d\u2019associacions, entitats o empreses, ja sigui fent classes de catal\u00e0 per a persones nouvingudes adultes o b\u00e9 realitzant tasques de suport a l\u2019acolliment ling\u00fc\u00edstic.<\/p>\n<p>El secretari de Pol\u00edtica Ling\u00fc\u00edstica, Bernat Joan, i la directora de Planificaci\u00f3 i Foment de la Secretaria de Pol\u00edtica Ling\u00fc\u00edstica han presentat avui aquesta eina que facilitar\u00e0 la feina dels professionals de l\u2019acolliment ling\u00fc\u00edstic.<\/p>\n<p>El secretari de Pol\u00edtica Ling\u00fc\u00edstica ha destacat que un dels grans reptes que t\u00e9 la pol\u00edtica ling\u00fc\u00edstica de Catalunya \u00e9s la incorporaci\u00f3 socioling\u00fc\u00edstica d\u2019aproxim\u00e0dament un mili\u00f3 de persones nouvingudes, amb l&#8217;horitz\u00f3 de fer del catal\u00e0 la llengua p\u00fablica comuna del nostre pa\u00eds. Segons Bernat Joan: \u201cPer aconseguir-ho, necessitem eines, com ara aquest Cercador de recursos per a l&#8217;acolliment ling\u00fc\u00edstic, que permetin a usuaris molt diferents tenir els recursos necessaris per poder fer acolliment ling\u00fc\u00edstic, sense que necess\u00e0riament hagin de ser persones expertes en llengua\u00bb. Bernat Joan ha destacat tamb\u00e9 que cada dia m\u00e9s, persones de condicions molt diferents treballen per incorporar les persones nouvingudes a la nostra comunitat ling\u00fc\u00edstica, i els sistemes d&#8217;aprenentatge s&#8217;han diversificat extraordin\u00e0riament.<\/p>\n<p>La directora de Planificaci\u00f3 i Foment de la Secretaria de Pol\u00edtica Ling\u00fc\u00edstica, Paquita Sanvic\u00e9n ha destacat que el cercador neix a partir de l\u2019observaci\u00f3 de la realitat: \u00aben aquest moment hi ha molts recursos i materials que s\u2019han elaborat i fins ara estaven en webs diverses i alguns nom\u00e9s en mans dels seus creadors, aix\u00ed vam detectar que calia facilitar la feina a aquelles persones que tenen voluntat d\u2019ajudar. Amb el cercador els apropem els recursos existents d\u2019una manera f\u00e0cil\u00bb.<\/p>\n<p>El cercador disposa actualment de 400 recursos te\u00f2rics i pr\u00e0ctics pensats especialment per oferir una formaci\u00f3 inicial en llengua catalana. La singularitat del Cercador \u00e9s la possibilitat d\u2019introduir nou diferents criteris de cerca i obtenir aix\u00ed el material que m\u00e9s s\u2019ajusti a les necessitats de l\u2019alumnat. Aquests criteris s\u00f3n: perfil de l\u2019usuari, tipus de suport, llengua de l\u2019aprenent, tipus de recurs, nivell d\u2019aprenentatge, propostes formatives per temes, propostes formatives per sector d\u2019ocupaci\u00f3, recursos te\u00f2rics sobre la planificaci\u00f3 i la gesti\u00f3 de l\u2019aula i recursos te\u00f2rics generals.<\/p>\n<p>Els recursos que inclou el cercador s\u00f3n de la Secretaria de Pol\u00edtica Ling\u00fc\u00edstica, el Consorci per a la Normalitzaci\u00f3 Ling\u00fc\u00edstica, el Departament d\u2019Educaci\u00f3, la Secretaria per a la Immigraci\u00f3 i algunes entitats i organitzacions socials que treballen en l\u2019\u00e0mbit de l\u2019acolliment ling\u00fc\u00edstic a Catalunya, com per exemple: Confederaci\u00f3 de Comer\u00e7 de Catalunya, Plataforma per la llengua, \u00d2mnium Cultural, Casal dels Infants per l\u2019Acci\u00f3 Social als Barris i Associaci\u00f3 Punt d\u2019Intercanvi entre d\u2019altres.<\/p>\n<p>Paquita Sanvic\u00e9n ha destacat que el cercador oferir\u00e0 seguretat a les persones que demanen indicacions per poder fer sessions d\u2019acolliment ling\u00fc\u00edstic: \u00abels presentem un espai que omple el buit existent fins ara en l\u2019\u00e0mbit de l\u2019acolliment ling\u00fc\u00edstic per adults d\u2019ordenaci\u00f3, sistematitzaci\u00f3, suport, ajuda, guiatge, de posar a l\u2019abast en un \u00fanic espai recursos que es poden baixar o utilitzar directament des d\u2019internet\u00bb.<\/p>\n<p>El cercador t\u00e9 tamb\u00e9 com a objectiu anar incorporant, progressivament, nous recursos a partir de les aportacions dels usuaris de manera que es conegui i es pugui compartir la feina de diverses entitats, co&#320;lectius i individus. Tamb\u00e9 permetr\u00e0 detectar noves necessitats i\/o mancances que orientin la creaci\u00f3 de nous materials o recursos.\n<\/p><\/blockquote>\n","protected":false},"excerpt":{"rendered":"<p>La Secretaria de Pol\u00edtica Ling\u00fc\u00edstica de la Generalitat de Catalunya ens envia la nota de premsa seg\u00fcent: Es posa en funcionament el Cercador de recursos per a l&#8217;acolliment ling\u00fc\u00edstic Es tracta d&#8217;una eina adre\u00e7ada a persones que realitzen tasques d&#8217;acolliment ling\u00fc\u00edstic en catal\u00e0 a persones adultes Avui s\u2019ha posat en funcionament el Cercador de recursos [&hellip;]<\/p>\n","protected":false},"author":2,"featured_media":0,"comment_status":"open","ping_status":"open","sticky":false,"template":"","format":"standard","meta":{"footnotes":""},"categories":[2,10,1,27],"tags":[68,241],"class_list":["post-1787","post","type-post","status-publish","format-standard","hentry","category-comunicacio","category-formacio","category-general","category-sociolinguistica","tag-associacions","tag-immigracio"],"_links":{"self":[{"href":"https:\/\/www.cdlpv.org\/dtl\/wp-json\/wp\/v2\/posts\/1787","targetHints":{"allow":["GET"]}}],"collection":[{"href":"https:\/\/www.cdlpv.org\/dtl\/wp-json\/wp\/v2\/posts"}],"about":[{"href":"https:\/\/www.cdlpv.org\/dtl\/wp-json\/wp\/v2\/types\/post"}],"author":[{"embeddable":true,"href":"https:\/\/www.cdlpv.org\/dtl\/wp-json\/wp\/v2\/users\/2"}],"replies":[{"embeddable":true,"href":"https:\/\/www.cdlpv.org\/dtl\/wp-json\/wp\/v2\/comments?post=1787"}],"version-history":[{"count":0,"href":"https:\/\/www.cdlpv.org\/dtl\/wp-json\/wp\/v2\/posts\/1787\/revisions"}],"wp:attachment":[{"href":"https:\/\/www.cdlpv.org\/dtl\/wp-json\/wp\/v2\/media?parent=1787"}],"wp:term":[{"taxonomy":"category","embeddable":true,"href":"https:\/\/www.cdlpv.org\/dtl\/wp-json\/wp\/v2\/categories?post=1787"},{"taxonomy":"post_tag","embeddable":true,"href":"https:\/\/www.cdlpv.org\/dtl\/wp-json\/wp\/v2\/tags?post=1787"}],"curies":[{"name":"wp","href":"https:\/\/api.w.org\/{rel}","templated":true}]}}