{"id":178,"date":"2007-09-11T08:18:26","date_gmt":"2007-09-11T07:18:26","guid":{"rendered":"http:\/\/www.cdlpv.org\/dtl\/?p=178"},"modified":"2007-09-11T08:18:26","modified_gmt":"2007-09-11T07:18:26","slug":"nova-pressio-contra-tv3","status":"publish","type":"post","link":"https:\/\/www.cdlpv.org\/dtl\/2007\/09\/11\/nova-pressio-contra-tv3\/","title":{"rendered":"Nova pressi\u00f3 de Francisco Camps contra la reemissi\u00f3 valenciana de TV3"},"content":{"rendered":"<p>Continua la pressi\u00f3 de la Generalitat valenciana de Francisco Camps Ortiz contra la reemissi\u00f3 de la <span class=\"versaleta\"> tv3<\/span> al Pa\u00eds Valenci\u00e0 i, en general, contra la producci\u00f3 audiovisual en valenci\u00e0. Si m\u00e9s no, encara estem esperant els productes audiovisuals en valenci\u00e0 que s&#8217;emeten nom\u00e9s en espanyol per Canal 9, mentres que la versi\u00f3 en valenci\u00e0 nom\u00e9s \u00e9s accessible a trav\u00e9s de <span class=\"versaleta\"> tv3<\/span>. I aix\u00f2 per no parlar del doblatge, dels subt\u00edtols i de les emissions per <span class=\"versaleta\">tdt<\/span> que Canal 9 <em>no<\/em> fa en valenci\u00e0. Aix\u00f2, pretenen tancar un mitj\u00e0 d&#8217;informaci\u00f3 i de difusi\u00f3 en valenci\u00e0 que, per simple comparaci\u00f3, deixa molt en evid\u00e8ncia la qualitat period\u00edstica, cultural i ling\u00fc\u00edstica de la gesti\u00f3 del govern Camps.<\/p>\n<p>La not\u00edcia del diari <em>El Pa\u00eds<\/em> (<a href=\"http:\/\/www.elpais.com\/articulo\/Comunidad\/Valenciana\/Consell\/ordena\/cese\/TV-3\/desestimar\/recurso\/ACPV\/elpepuespval\/20070911elpval_12\/Tes\n\" target=\"_blank\">11.09.2007<\/a>; l&#8217;hem tradu\u00efda amb l&#8217;ajuda de l&#8217;<a href=\"http:\/\/internostrum.com\" target=\"_blank\">Internostrum<\/a>) \u00e9s la seg\u00fcent:<\/p>\n<blockquote><p>\nEl Consell ordena el cessament de <span class=\"versaleta\">TV3<\/span> despr\u00e9s de desestimar el recurs d&#8217;ACPV<\/p>\n<p><span class=\"versaleta\">el pa\u00eds<\/span> &#8211; Val\u00e8ncia &#8211; 11.09.2007<\/p>\n<p>La Generalitat ha desestimat el recurs interposat per Acci\u00f3 Cultural del Pa\u00eds Valenci\u00e0 (<span class=\"versaleta\">acpv<\/span>) contra l&#8217;ordre del cessament d&#8217;emissions anal\u00f2giques de <span class=\"versaleta\">tv3<\/span> en el territori valenci\u00e0 i contra la sanci\u00f3 de 300.000 euros a l&#8217;associaci\u00f3 que gestiona els repetidors de la televisi\u00f3 catalana. L&#8217;ordre s&#8217;ha de fer efectiva en 20 dies.<\/p>\n<p>En un comunicat, ACPV va destacar ahir la \u00abgravetat de la sanci\u00f3 i el perill, ara s\u00ed, de cessament d&#8217;emissions despr\u00e9s de 20 anys de normalitat\u00bb. Insistix que la \u00abvia de soluci\u00f3 m\u00e9s factible i raonable a la situaci\u00f3 creada pel <span class=\"versaleta\">pp<\/span> valenci\u00e0 \u00e9s la de l&#8217;acord entre la Generalitat Valenciana, la Generalitat de Catalunya i el Ministeri d&#8217;Ind\u00fastria espanyol, que garantixca la reciprocitat dels diferents canals auton\u00f2mics que emeten en llengua catalana\u00bb. Per tant, acusa al Consell valenci\u00e0 d&#8217;\u00abescassa voluntat de di\u00e0leg\u00bb i, mentre \u00abdiu apostar per un acord, sanciona amb contund\u00e8ncia una de les parts implicades\u00bb.<\/p>\n<p>Dos funcionaris auton\u00f2mics van transmetre als serveis jur\u00eddics d&#8217;<span class=\"versaleta\">acpv<\/span> la decisi\u00f3 de la Secretaria Auton\u00f2mica de Comunicaci\u00f3.<\/p><\/blockquote>\n","protected":false},"excerpt":{"rendered":"<p>Continua la pressi\u00f3 de la Generalitat valenciana de Francisco Camps Ortiz contra la reemissi\u00f3 de la tv3 al Pa\u00eds Valenci\u00e0 i, en general, contra la producci\u00f3 audiovisual en valenci\u00e0. Si m\u00e9s no, encara estem esperant els productes audiovisuals en valenci\u00e0 que s&#8217;emeten nom\u00e9s en espanyol per Canal 9, mentres que la versi\u00f3 en valenci\u00e0 nom\u00e9s [&hellip;]<\/p>\n","protected":false},"author":2,"featured_media":0,"comment_status":"open","ping_status":"open","sticky":false,"template":"","format":"standard","meta":{"footnotes":""},"categories":[2,1,19,34],"tags":[],"class_list":["post-178","post","type-post","status-publish","format-standard","hentry","category-comunicacio","category-general","category-politica","category-tv3"],"_links":{"self":[{"href":"https:\/\/www.cdlpv.org\/dtl\/wp-json\/wp\/v2\/posts\/178","targetHints":{"allow":["GET"]}}],"collection":[{"href":"https:\/\/www.cdlpv.org\/dtl\/wp-json\/wp\/v2\/posts"}],"about":[{"href":"https:\/\/www.cdlpv.org\/dtl\/wp-json\/wp\/v2\/types\/post"}],"author":[{"embeddable":true,"href":"https:\/\/www.cdlpv.org\/dtl\/wp-json\/wp\/v2\/users\/2"}],"replies":[{"embeddable":true,"href":"https:\/\/www.cdlpv.org\/dtl\/wp-json\/wp\/v2\/comments?post=178"}],"version-history":[{"count":0,"href":"https:\/\/www.cdlpv.org\/dtl\/wp-json\/wp\/v2\/posts\/178\/revisions"}],"wp:attachment":[{"href":"https:\/\/www.cdlpv.org\/dtl\/wp-json\/wp\/v2\/media?parent=178"}],"wp:term":[{"taxonomy":"category","embeddable":true,"href":"https:\/\/www.cdlpv.org\/dtl\/wp-json\/wp\/v2\/categories?post=178"},{"taxonomy":"post_tag","embeddable":true,"href":"https:\/\/www.cdlpv.org\/dtl\/wp-json\/wp\/v2\/tags?post=178"}],"curies":[{"name":"wp","href":"https:\/\/api.w.org\/{rel}","templated":true}]}}