{"id":177,"date":"2007-09-10T13:26:10","date_gmt":"2007-09-10T12:26:10","guid":{"rendered":"http:\/\/www.cdlpv.org\/dtl\/?p=177"},"modified":"2007-09-10T13:26:10","modified_gmt":"2007-09-10T12:26:10","slug":"reformes-ortografiques-portugueses","status":"publish","type":"post","link":"https:\/\/www.cdlpv.org\/dtl\/2007\/09\/10\/reformes-ortografiques-portugueses\/","title":{"rendered":"Reformes ortogr\u00e0fiques portugueses"},"content":{"rendered":"<p>Els parlants portuguesos de tot el m\u00f3n estan ara mateix tractant una reforma de les normes ortogr\u00e0fiques &mdash;i en van unes quantes des del comen\u00e7ament del segle <span class=\"versaleta\">xx<\/span>, tal com podeu llegir, per exemple, en <a href=\"http:\/\/granadadebolso.wordpress.com\/2007\/08\/28\/148-de-reformas-e-empulhacoes-ii\/\" target=\"_blank\">\u00abDe reformas e empulhac&otilde;es\u00bb<\/a>&mdash;. Sembla que anem en la mateixa deriva uns i altres, tot i que el vaixell fa la difer\u00e8ncia.<\/p>\n<p>La not\u00edcia del diari <em>O Globo<\/em> (<a href=\"http:\/\/oglobo.globo.com\/educacao\/mat\/2007\/09\/07\/297633790.asp\" target=\"_blank\">07.09.2007<\/a>) \u00e9s la seg\u00fcent:<\/p>\n<blockquote>\n<h2 class=\"inicial\">El MEC tracta el termini per a la implantaci\u00f3 de l&#8217;acord ortogr\u00e0fic<\/h2>\n<h5>Tatiana Cl\u00e9bicar &#8211; O Globo Online<\/h5>\n<p>El Ministeri d&#8217;Educaci\u00f3 (<span class=\"versaleta\">mec<\/span>) tractar\u00e0 la setmana que ve el termini d&#8217;implantaci\u00f3 de l&#8217;acord ortogr\u00e0fic de la llengua portuguesa al pa\u00eds. La Comissi\u00f3 per a la Definici\u00f3 de la Pol\u00edtica d&#8217;Ensenyament-Aprenentatge, Recerca i Promoci\u00f3 de la Llengua Portuguesa es reunir\u00e0 divendres que ve per a definir com ha de ser la introducci\u00f3 de les noves normes ortogr\u00e0fiques al Brasil. L&#8217;acord pret\u00e9n unificar l&#8217;escriptura de la llengua en els huit pa\u00efsos que parlen portugu\u00e9s: Angola, Brasil, Cap Verd, Guinea Bissau, Mo\u00e7ambic, Portugal, S\u00e3o Tom\u00e9 i Pr\u00edncipe i Timor Est. La trobada tindr\u00e0 lloc a Rio a marcar\u00e0 el termini perqu\u00e8 les publicacions adoptem les noves regles. Durant un temps, que s&#8217;establir\u00e0 en la reuni\u00f3, les regles actuals i les noves hauran de ser acceptades.<\/p>\n<p>Segons Godofredo de Oliveira Neto, president de la comissi\u00f3, tres pa\u00efsos han ratificat l&#8217;acord i ja hi pot entrar en vigor. D&#8217;acord amb el <span class=\"versaleta\">mec<\/span>, el Ministeri d&#8217;Afers Estrangers negocia amb els pa\u00efsos que encara no han ratificat l&#8217;acord una data concreta perqu\u00e8 les normes siguen adoptades.\n<\/p><\/blockquote>\n","protected":false},"excerpt":{"rendered":"<p>Els parlants portuguesos de tot el m\u00f3n estan ara mateix tractant una reforma de les normes ortogr\u00e0fiques &mdash;i en van unes quantes des del comen\u00e7ament del segle xx, tal com podeu llegir, per exemple, en \u00abDe reformas e empulhac&otilde;es\u00bb&mdash;. Sembla que anem en la mateixa deriva uns i altres, tot i que el vaixell fa [&hellip;]<\/p>\n","protected":false},"author":2,"featured_media":0,"comment_status":"open","ping_status":"open","sticky":false,"template":"","format":"standard","meta":{"footnotes":""},"categories":[2,1,17,47,19],"tags":[],"class_list":["post-177","post","type-post","status-publish","format-standard","hentry","category-comunicacio","category-general","category-normativa","category-planificacio","category-politica"],"_links":{"self":[{"href":"https:\/\/www.cdlpv.org\/dtl\/wp-json\/wp\/v2\/posts\/177","targetHints":{"allow":["GET"]}}],"collection":[{"href":"https:\/\/www.cdlpv.org\/dtl\/wp-json\/wp\/v2\/posts"}],"about":[{"href":"https:\/\/www.cdlpv.org\/dtl\/wp-json\/wp\/v2\/types\/post"}],"author":[{"embeddable":true,"href":"https:\/\/www.cdlpv.org\/dtl\/wp-json\/wp\/v2\/users\/2"}],"replies":[{"embeddable":true,"href":"https:\/\/www.cdlpv.org\/dtl\/wp-json\/wp\/v2\/comments?post=177"}],"version-history":[{"count":0,"href":"https:\/\/www.cdlpv.org\/dtl\/wp-json\/wp\/v2\/posts\/177\/revisions"}],"wp:attachment":[{"href":"https:\/\/www.cdlpv.org\/dtl\/wp-json\/wp\/v2\/media?parent=177"}],"wp:term":[{"taxonomy":"category","embeddable":true,"href":"https:\/\/www.cdlpv.org\/dtl\/wp-json\/wp\/v2\/categories?post=177"},{"taxonomy":"post_tag","embeddable":true,"href":"https:\/\/www.cdlpv.org\/dtl\/wp-json\/wp\/v2\/tags?post=177"}],"curies":[{"name":"wp","href":"https:\/\/api.w.org\/{rel}","templated":true}]}}