{"id":1759,"date":"2010-09-27T10:57:27","date_gmt":"2010-09-27T09:57:27","guid":{"rendered":"http:\/\/www.cdlpv.org\/dtl\/?p=1759"},"modified":"2010-09-27T10:57:27","modified_gmt":"2010-09-27T09:57:27","slug":"indexs-de-lectura","status":"publish","type":"post","link":"https:\/\/www.cdlpv.org\/dtl\/2010\/09\/27\/indexs-de-lectura\/","title":{"rendered":"\u00cdndexs de lectura"},"content":{"rendered":"<p>El diari <em>Avui<\/em> <a href=\"http:\/\/avui.elpunt.cat\/noticia\/article\/-\/-\/307817.html?piwik_campaign=mail&#038;piwik_kwd=mail&#038;utm_source=mail&#038;utm_medium=mail&#038;utm_campaign=mail\" target=\"_blank\">(27.09.2010)<\/a> ens proporciona la informaci\u00f3 seg\u00fcent:<\/p>\n<blockquote>\n<h2>Immigrats: poc consum en catal\u00e0<\/h2>\n<h3>Un estudi revela que nom\u00e9s un 25\u00a0% dels estrangers miren televisi\u00f3 en catal\u00e0; un 11\u00a0% hi escolten r\u00e0dio i un 4\u00a0% hi llegeixen diaris<\/h3>\n<\/blockquote>\n<p>El percentatge que fa refer\u00e8ncia a la lectura de diaris en catal\u00e0, que n&#8217;hi han en catal\u00e0 a Catalunya, fa pensar que la disponibilitat \u00e9s una gran qu\u00e8, per\u00f2 no l&#8217;\u00fanic, ja que, tal com indiac la not\u00edcia:<\/p>\n<blockquote><p>En l&#8217;estudi es destaca que els estrangers reconeixen la qualitat informativa de <span class=\"versaleta\">tv3<\/span> i la credibilitat i qualitat informatives de Catalunya R\u00e0dio \u2014en primer o segon lloc dels r\u00e0nquings\u2014 per\u00f2 que \u00abaquestes valoracions no s\u00f3n prou fortes per consumir els mitjans catalans\u00bb.<\/p><\/blockquote>\n<p>\u00c9s clar, aix\u00f2 influ\u00efx encara m\u00e9s en la lectura, ja que \u00e9s una pr\u00e0ctica m\u00e9s complexa. De fet, si observem els \u00edndexs de lectura del Pa\u00eds Valenci\u00e0, podem comprovar que no \u00e9s tan sols la disponibilitat de texts la que fa augmentar la pr\u00e0ctica lectora:<\/p>\n<blockquote>\n<div class=\"nota\">\n<table border=\"1\" cellspacing=\"1\" cellpadding=\"1\">\n<colgroup>\n<col width=\"130\"\/>\n<col width=\"90\"\/>\n<col width=\"90\"\/>\n<col width=\"90\"\/><\/colgroup>\n<tr>\n<td><strong>\u00cdndex de lectura <br \/>en catal\u00e0<\/strong><\/td>\n<td>2006<\/td>\n<td>2007<\/td>\n<td>2008<\/td>\n<td>2009<\/td>\n<\/tr>\n<tr>\n<td>Balears<\/td>\n<td>&#8212;<\/td>\n<td>&#8212;<\/td>\n<td>8,1 \/ 8,4<\/td>\n<td>12,4 \/ 15,1<\/td>\n<\/tr>\n<tr>\n<td>Catalunya<\/td>\n<td>&#8212;<\/td>\n<td>15,4 \/ 20,4<\/td>\n<td>22,2<\/td>\n<td>22,1<\/td>\n<\/tr>\n<tr>\n<td>Pa\u00eds Valenci\u00e0<\/td>\n<td>5,7<\/td>\n<td>3,6 \/ 3,9<\/td>\n<td>3 \/ 4,1<\/td>\n<td>2,5<\/td>\n<\/tr>\n<\/table>\n<p class=\"nota\">\n<hr noShade \/>\n<br \/>Nota: quadre elaborat seguint fonts diverses d&#8217;Internet. La barra separa resultats d&#8217;enquestes diferents.<\/p>\n<\/div>\n<\/blockquote>\n","protected":false},"excerpt":{"rendered":"<p>El diari Avui (27.09.2010) ens proporciona la informaci\u00f3 seg\u00fcent: Immigrats: poc consum en catal\u00e0 Un estudi revela que nom\u00e9s un 25\u00a0% dels estrangers miren televisi\u00f3 en catal\u00e0; un 11\u00a0% hi escolten r\u00e0dio i un 4\u00a0% hi llegeixen diaris El percentatge que fa refer\u00e8ncia a la lectura de diaris en catal\u00e0, que n&#8217;hi han en catal\u00e0 [&hellip;]<\/p>\n","protected":false},"author":2,"featured_media":0,"comment_status":"open","ping_status":"open","sticky":false,"template":"","format":"standard","meta":{"footnotes":""},"categories":[2,10,1,27],"tags":[189,273],"class_list":["post-1759","post","type-post","status-publish","format-standard","hentry","category-comunicacio","category-formacio","category-general","category-sociolinguistica","tag-estadistiques","tag-lectura"],"_links":{"self":[{"href":"https:\/\/www.cdlpv.org\/dtl\/wp-json\/wp\/v2\/posts\/1759","targetHints":{"allow":["GET"]}}],"collection":[{"href":"https:\/\/www.cdlpv.org\/dtl\/wp-json\/wp\/v2\/posts"}],"about":[{"href":"https:\/\/www.cdlpv.org\/dtl\/wp-json\/wp\/v2\/types\/post"}],"author":[{"embeddable":true,"href":"https:\/\/www.cdlpv.org\/dtl\/wp-json\/wp\/v2\/users\/2"}],"replies":[{"embeddable":true,"href":"https:\/\/www.cdlpv.org\/dtl\/wp-json\/wp\/v2\/comments?post=1759"}],"version-history":[{"count":0,"href":"https:\/\/www.cdlpv.org\/dtl\/wp-json\/wp\/v2\/posts\/1759\/revisions"}],"wp:attachment":[{"href":"https:\/\/www.cdlpv.org\/dtl\/wp-json\/wp\/v2\/media?parent=1759"}],"wp:term":[{"taxonomy":"category","embeddable":true,"href":"https:\/\/www.cdlpv.org\/dtl\/wp-json\/wp\/v2\/categories?post=1759"},{"taxonomy":"post_tag","embeddable":true,"href":"https:\/\/www.cdlpv.org\/dtl\/wp-json\/wp\/v2\/tags?post=1759"}],"curies":[{"name":"wp","href":"https:\/\/api.w.org\/{rel}","templated":true}]}}