{"id":1756,"date":"2010-09-23T13:12:22","date_gmt":"2010-09-23T12:12:22","guid":{"rendered":"http:\/\/www.cdlpv.org\/dtl\/?p=1756"},"modified":"2010-09-23T13:12:22","modified_gmt":"2010-09-23T12:12:22","slug":"una-llei-per-a-loccita","status":"publish","type":"post","link":"https:\/\/www.cdlpv.org\/dtl\/2010\/09\/23\/una-llei-per-a-loccita\/","title":{"rendered":"Una llei per a l&#8217;occit\u00e0"},"content":{"rendered":"<p>La Secretaria de Pol\u00edtica Ling\u00fc\u00edstica de la Generalitat de Catalunya ens ha fet arribar la nota de premsa seguent:<\/p>\n<blockquote>\n<h2>El Parlament aprova la Llei de l&#8217;occit\u00e0, aran\u00e8s a l&#8217;Aran, que converteix Catalunya \u00aben l&#8217;\u00fanic pa\u00eds de la UE amb tres idiomes oficials en un mateix territori\u00bb<\/h2>\n<p>El Parlament de Catalunya ha aprovat avui la Llei de l\u2019occit\u00e0, aran\u00e8s a l\u2019Aran, que regula l\u2019\u00fas oficial de la llengua occitana a Catalunya i l\u2019Aran i que, segons ha destacat el vicepresident del Govern, Josep-Llu\u00eds Carod-Rovira, converteix Catalunya \u00aben l\u2019\u00fanic pa\u00eds de la Uni\u00f3 Europea amb tres idiomes oficials en un mateix territori\u00bb. \u00abAquesta llei \u00e9s un exemple d\u2019all\u00f2 que \u00e9s aquest pa\u00eds, una terra que respecta i reconeix la seva pluralitat\u00bb, ha manifestat el vicepresident en la seva intervenci\u00f3 al ple de la cambra, que ha fet en catal\u00e0 i aran\u00e8s. Josep-Llu\u00eds Carod-Rovira ha subratllat la import\u00e0ncia del text, \u00abuna llei de reconducci\u00f3 hist\u00f2rica\u00bb que atorga a l\u2019occit\u00e0 \u00abuna protecci\u00f3, un reconeixement oficial i un prestigi dels quals no havia gaudit mai\u00bb. Al ple han assistit el S\u00edndic de l\u2019Aran, Francesc Boya; el secretari de Pol\u00edtica Ling\u00fc\u00edstica, Bernat Joan, i els membres de la pon\u00e8ncia de la llei.<\/p>\n<p>El vicepresident del Govern ha explicat que la Llei de l\u2019occit\u00e0 \u00abha de protegir els drets dels occitans a Catalunya, garantir els drets ling\u00fc\u00edstics dels aranesos i donar possibilitats de superviv\u00e8ncia amb dignitat i amb futur a aquesta llengua que va iniciar el seu caminar amb els trobadors, en l\u2019inici del mi&#320;lenni passat\u00bb. \u00c9s per aix\u00f2, ha dit, que es tracta d\u2019una llei pels aranesos, els catalans i els occitans. I \u00e9s que, ha manifestat, \u00abamb aquesta llei reconeixem el valor espec\u00edfic de l\u2019aran\u00e8s, donem recursos de protecci\u00f3 a tothom que vulgui utilitzar l\u2019occit\u00e0 a la Vall d\u2019Aran i projectem que un proc\u00e9s de garanties sigui present en l\u2019administraci\u00f3, l\u2019educaci\u00f3, els mitjans de comunicaci\u00f3 i les activitats culturals\u00bb. Ha recordat en aquest sentit que amb la nova llei s\u2019est\u00e9n l\u2019aran\u00e8s per tota l\u2019administraci\u00f3 catalana, es promou la seva pres\u00e8ncia en \u00e0mbits tan diversos com la universitat, la formaci\u00f3 d\u2019adults, la cultural o l\u2019onom\u00e0stica: \u00abFem una llei de protecci\u00f3 social de la llengua pr\u00f2pia de l\u2019Aran\u00bb, ha sentenciat.<\/p>\n<p>Per Josep-Llu\u00eds Carod-Rovira, \u00e9s \u00abuna bona llei\u00bb per Catalunya, l\u2019Aran i Occit\u00e0nia. En el cas de Catalunya, ha explicat, perqu\u00e8 \u00abrecupera la legitimitat d\u2019una llengua que \u00e9s part del nostre patrimoni cultural i hist\u00f2ric\u00bb. I en el cas de l\u2019Aran i Occit\u00e0nia perqu\u00e8 \u00abpermetr\u00e0 que la seva identitat sigui reconeguda de forma indiscutible\u00bb. \u00abEls occitans de tot el m\u00f3n guanyen amb aquesta llei una legitimitat que no tenien, una justificaci\u00f3 imprescindible i una potenciaci\u00f3 legal de la seva identitat\u00bb, ha manifestat. De fet, el vicepresident ha anat m\u00e9s enll\u00e0 en considerar que amb la norma \u00abreconstru\u00efm un espai jur\u00eddic de relaci\u00f3 entre els catalans i els occitans\u00bb, que potenciar\u00e0 les relacons entre tots els territoris de llengua occitana, facilitar\u00e0 l\u2019establiment d\u2019acords i convenis amb institucions i entitats i promour\u00e0 tamb\u00e9 la projecci\u00f3 exterior de la llengua.<\/p>\n<h3>L\u2019occit\u00e0, llengua oficial<\/h3>\n<p>La llei regula l\u2019oficialitat de l\u2019occit\u00e0 a Catalunya i a l\u2019Aran, en aquest cas com a llengua pr\u00f2pia, en compliment del mandat de l\u2019Estatut que en el seu article 6.5 estableix l\u2019oficialitat de l\u2019occit\u00e0 a Catalunya i a l\u2019Aran i en el seu article 50 determina que els poders p\u00fablics han de protegir el catal\u00e0 i l\u2019aran\u00e8s en tots els \u00e0mbits i sectors i n\u2019han de fomentar l\u2019\u00fas, la difusi\u00f3 i el coneixement. L\u2019Estatut atribueix a la Generalitat i al Conselh Generau d\u2019Aran la compet\u00e8ncia sobre la normalitzaci\u00f3 ling\u00fc\u00edstica de l\u2019aran\u00e8s.<\/p>\n<p>La nova norma garanteix els drets ling\u00fc\u00edstics generals davant de totes les administracions al territori de l\u2019Aran i de la Generalitat arreu de Catalunya. En l\u2019\u00e0mbit institucional, estableix que les administracions i les institucions araneses han d\u2019emprar de manera general l\u2019aran\u00e8s i que els serveis i els organisme que depenen de la Generalitat a l\u2019Aran han d\u2019utilitzar-lo normalment en les seves relacions administratives i en la difusi\u00f3 d\u2019informaci\u00f3 a la ciutadania, sens perjudici del dret dels ciutadans a escollir una altra llengua oficial. Les lleis del Parlament de Catalunya han de ser publicades tamb\u00e9 en aran\u00e8s i aquesta versi\u00f3 tindr\u00e0 car\u00e0cter oficial. Proclama tamb\u00e9 la plena validesa de tota la documentaci\u00f3 p\u00fablica i privada redactada en aran\u00e8s.<\/p>\n<p>A la resta de Catalunya es reconeix el dret dels occitanoparlants a utilitzar-lo en les relacions escrites amb la Generalitat i a rebre atenci\u00f3 en aquesta llengua en les relacions orals. En l\u2019ensenyament, es regula l\u2019\u00fas de l\u2019aran\u00e8s com a vehicle d\u2019expressi\u00f3 normal de les activitats docents i administratives dels centres de l\u2019Aran. A Catalunya, s\u2019inclouran en l\u2019ensenyament no universitari continguts sobre la realitat ling\u00fc\u00edstica de l\u2019Aran i la seva relaci\u00f3 amb la llengua i la cultura occitanes, mentre que el Govern fomentar\u00e0 fomentar\u00e0 tamb\u00e9 la incorporaci\u00f3 d\u2019estudis filol\u00f2gics de llengua occitana. La futura legislaci\u00f3 tamb\u00e9 regula l\u2019\u00fas de l\u2019aran\u00e8s en els mitjans de comunicaci\u00f3.<\/p>\n<p>Pel que fa a la protecci\u00f3 de l\u2019aran\u00e8s, la llei regula l\u2019acci\u00f3 conjunta de la Generalitat i el Conselh Generau d\u2019Aran en l\u2019\u00e0mbit de les seves respectives compet\u00e8ncies per a protegir la llengua en tots els \u00e0mbits i sectors i fomentar-ne l\u2019\u00fas social, la difusi\u00f3 i el coneixement. La Generalitat i el Conselh Generau podran subscriure convenis i acords amb l\u2019Estat per garantir l\u2019\u00fas de l\u2019aran\u00e8s per part dels serveis estatals ubicats a l\u2019Aran per tal de fer efectiu el dret d\u2019opci\u00f3 ling\u00fc\u00edstica de l\u2019aran\u00e8s.\n<\/p><\/blockquote>\n","protected":false},"excerpt":{"rendered":"<p>La Secretaria de Pol\u00edtica Ling\u00fc\u00edstica de la Generalitat de Catalunya ens ha fet arribar la nota de premsa seguent: El Parlament aprova la Llei de l&#8217;occit\u00e0, aran\u00e8s a l&#8217;Aran, que converteix Catalunya \u00aben l&#8217;\u00fanic pa\u00eds de la UE amb tres idiomes oficials en un mateix territori\u00bb El Parlament de Catalunya ha aprovat avui la Llei [&hellip;]<\/p>\n","protected":false},"author":2,"featured_media":0,"comment_status":"open","ping_status":"open","sticky":false,"template":"","format":"standard","meta":{"footnotes":""},"categories":[2,4,1,19],"tags":[274,322],"class_list":["post-1756","post","type-post","status-publish","format-standard","hentry","category-comunicacio","category-dret","category-general","category-politica","tag-legislacio","tag-multilinguisme"],"_links":{"self":[{"href":"https:\/\/www.cdlpv.org\/dtl\/wp-json\/wp\/v2\/posts\/1756","targetHints":{"allow":["GET"]}}],"collection":[{"href":"https:\/\/www.cdlpv.org\/dtl\/wp-json\/wp\/v2\/posts"}],"about":[{"href":"https:\/\/www.cdlpv.org\/dtl\/wp-json\/wp\/v2\/types\/post"}],"author":[{"embeddable":true,"href":"https:\/\/www.cdlpv.org\/dtl\/wp-json\/wp\/v2\/users\/2"}],"replies":[{"embeddable":true,"href":"https:\/\/www.cdlpv.org\/dtl\/wp-json\/wp\/v2\/comments?post=1756"}],"version-history":[{"count":0,"href":"https:\/\/www.cdlpv.org\/dtl\/wp-json\/wp\/v2\/posts\/1756\/revisions"}],"wp:attachment":[{"href":"https:\/\/www.cdlpv.org\/dtl\/wp-json\/wp\/v2\/media?parent=1756"}],"wp:term":[{"taxonomy":"category","embeddable":true,"href":"https:\/\/www.cdlpv.org\/dtl\/wp-json\/wp\/v2\/categories?post=1756"},{"taxonomy":"post_tag","embeddable":true,"href":"https:\/\/www.cdlpv.org\/dtl\/wp-json\/wp\/v2\/tags?post=1756"}],"curies":[{"name":"wp","href":"https:\/\/api.w.org\/{rel}","templated":true}]}}