{"id":1754,"date":"2010-09-23T09:29:11","date_gmt":"2010-09-23T08:29:11","guid":{"rendered":"http:\/\/www.cdlpv.org\/dtl\/?p=1754"},"modified":"2010-09-23T09:29:11","modified_gmt":"2010-09-23T08:29:11","slug":"conferencia-dalbert-pla-nualart","status":"publish","type":"post","link":"https:\/\/www.cdlpv.org\/dtl\/2010\/09\/23\/conferencia-dalbert-pla-nualart\/","title":{"rendered":"Confer\u00e8ncia d&#8217;Albert Pla Nualart"},"content":{"rendered":"<p>Marta Torres Vilatarsana ens envia a trav\u00e9s d&#8217;Infoz\u00e8fir la informaci\u00f3 seg\u00fcent:<\/p>\n<blockquote><p>\nConfer\u00e8ncia d\u2019Albert Pla Nualart a la <span class=\"versaleta\">urv<\/span> \u00ab\u00bf\u00c9s dif\u00edcil, el catal\u00e0?\u00bb, 6 d\u2019octubre del 2010 a les 19:30, sala de Graus de la Facultat de Lletres de la <span class=\"versaleta\">urv<\/span> (av. de Catalunya, 35, 43002 Tarragona) Organitza: Associaci\u00f3 de Professionals i Estudiosos en Llengua i Literatura Catalanes (<span class=\"versaleta\">apellc<\/span>) <\/p>\n<p>Albert Pla Nualart, responsable ling\u00fc\u00edstic del diari Avui durant els darrers 25 anys, \u00e9s autor del llibre Aix\u00f2 del catal\u00e0. Podem fer-ho m\u00e9s f\u00e0cil?, publicat aquest any 2010 i prologat per Joan Sol\u00e0, que de primer moment vaticina: \u00abAquest llibre provocar\u00e0 pol\u00e8mica.\u00bb<\/p>\n<p>\u00abSovint sentim a dir que el catal\u00e0 \u00e9s dif\u00edcil. Els professionals de la llengua solen atribuir aquesta valoraci\u00f3 a prejudicis socials, per\u00f2 potser ja \u00e9s hora de parar-nos a reflexionar si, en part (una part petita per\u00f2 substancial), tamb\u00e9 nosaltres podr\u00edem fer alguna cosa per fer el catal\u00e0 m\u00e9s f\u00e0cil i m\u00e9s normal.\u00bb (Albert Pla Nualart)<\/p>\n<p>Font: Associaci\u00f3 de Professionals i Estudiosos en Llengua i Literatura Catalanes <a href=\"www.apellc.org\" target=\"_blank\">(<span class=\"versaleta\">apellc<\/span>)<\/a>\n<\/p><\/blockquote>\n","protected":false},"excerpt":{"rendered":"<p>Marta Torres Vilatarsana ens envia a trav\u00e9s d&#8217;Infoz\u00e8fir la informaci\u00f3 seg\u00fcent: Confer\u00e8ncia d\u2019Albert Pla Nualart a la urv \u00ab\u00bf\u00c9s dif\u00edcil, el catal\u00e0?\u00bb, 6 d\u2019octubre del 2010 a les 19:30, sala de Graus de la Facultat de Lletres de la urv (av. de Catalunya, 35, 43002 Tarragona) Organitza: Associaci\u00f3 de Professionals i Estudiosos en Llengua i [&hellip;]<\/p>\n","protected":false},"author":2,"featured_media":0,"comment_status":"open","ping_status":"open","sticky":false,"template":"","format":"standard","meta":{"footnotes":""},"categories":[2,10,1,17,27],"tags":[112,499],"class_list":["post-1754","post","type-post","status-publish","format-standard","hentry","category-comunicacio","category-formacio","category-general","category-normativa","category-sociolinguistica","tag-conferencies","tag-universitat-rovira-i-virgili"],"_links":{"self":[{"href":"https:\/\/www.cdlpv.org\/dtl\/wp-json\/wp\/v2\/posts\/1754","targetHints":{"allow":["GET"]}}],"collection":[{"href":"https:\/\/www.cdlpv.org\/dtl\/wp-json\/wp\/v2\/posts"}],"about":[{"href":"https:\/\/www.cdlpv.org\/dtl\/wp-json\/wp\/v2\/types\/post"}],"author":[{"embeddable":true,"href":"https:\/\/www.cdlpv.org\/dtl\/wp-json\/wp\/v2\/users\/2"}],"replies":[{"embeddable":true,"href":"https:\/\/www.cdlpv.org\/dtl\/wp-json\/wp\/v2\/comments?post=1754"}],"version-history":[{"count":0,"href":"https:\/\/www.cdlpv.org\/dtl\/wp-json\/wp\/v2\/posts\/1754\/revisions"}],"wp:attachment":[{"href":"https:\/\/www.cdlpv.org\/dtl\/wp-json\/wp\/v2\/media?parent=1754"}],"wp:term":[{"taxonomy":"category","embeddable":true,"href":"https:\/\/www.cdlpv.org\/dtl\/wp-json\/wp\/v2\/categories?post=1754"},{"taxonomy":"post_tag","embeddable":true,"href":"https:\/\/www.cdlpv.org\/dtl\/wp-json\/wp\/v2\/tags?post=1754"}],"curies":[{"name":"wp","href":"https:\/\/api.w.org\/{rel}","templated":true}]}}