{"id":174,"date":"2007-09-06T08:18:47","date_gmt":"2007-09-06T07:18:47","guid":{"rendered":"http:\/\/www.cdlpv.org\/dtl\/?p=174"},"modified":"2007-09-06T08:18:47","modified_gmt":"2007-09-06T07:18:47","slug":"agressions-diverses-contra-ca-revolta","status":"publish","type":"post","link":"https:\/\/www.cdlpv.org\/dtl\/2007\/09\/06\/agressions-diverses-contra-ca-revolta\/","title":{"rendered":"Agressions diverses contra Ca Revolta"},"content":{"rendered":"<p>Reprodu\u00efm al nota de premsa de Ca Revolta, perqu\u00e8 mostra un problema que afecta el funcionament d&#8217;una administraci\u00f3 p\u00fablica, l&#8217;Ajuntament de Val\u00e8ncia, que permet que hi haja funcionaris en contacte amb el p\u00fablic que s\u00f3n incapa\u00e7os de protegir els drets ling\u00fc\u00edstics dels ciutadans. Pijor encara, funcionaris que vulneren eixos drets.<\/p>\n<p>La nota de premsa de Ca Revolta (<a href=\"http:\/\/www.carevolta.org\/arbre\/index.php?option=com_content&#038;task=view&#038;id=119&#038;Itemid=1\" target=\"_blank\">05.09.2007<\/a>):<\/p>\n<blockquote>\n<p>A la 1.45 de la matinada del dissabte 1 de setembre, primer dia que obria la casa despr\u00e9s de les vacances, quan Ca Revolta acabava de tancar, les persones que estaven recollint el bar escoltaren sorolls fora i despr\u00e9s van veure un jove que se&#8217;n pujava a la finestra i feia un tret contra el vidre amb una pistola de perdigons. Quan varen eixir es trobaren les pintades: \u00abMai catalans. Fora d&#8217;ac\u00ed. R.V.\u00bb I uns pocs joves que fugien corrent. Avisada la policia es va presentar una dotaci\u00f3 uniformada de la Policia Nacional, la qual, davant les explicacions en valenci\u00e0 del personal de la casa, va dir: \u00abSi sigue hablando usted as\u00ed, nos vamos.\u00bb Despr\u00e9s es van personar policies no uniformats que seguiren les dilig\u00e8ncies.<\/p>\n<p>Denunciem una vegada m\u00e9s les agressions dels grupuscles feixistes i anticatalanistes contra l&#8217;esquerra i el valencianisme, reclamem l&#8217;efectiva actuaci\u00f3 de la policia davant aquests actes repetits i considerem inacceptable la sistem\u00e0tica lesi\u00f3 dels drets ling\u00fc\u00edstics dels valencians tan habitual per part de la policia.<\/p>\n<p>Ca Revolta\n<\/p><\/blockquote>\n","protected":false},"excerpt":{"rendered":"<p>Reprodu\u00efm al nota de premsa de Ca Revolta, perqu\u00e8 mostra un problema que afecta el funcionament d&#8217;una administraci\u00f3 p\u00fablica, l&#8217;Ajuntament de Val\u00e8ncia, que permet que hi haja funcionaris en contacte amb el p\u00fablic que s\u00f3n incapa\u00e7os de protegir els drets ling\u00fc\u00edstics dels ciutadans. Pijor encara, funcionaris que vulneren eixos drets. La nota de premsa de [&hellip;]<\/p>\n","protected":false},"author":2,"featured_media":0,"comment_status":"open","ping_status":"open","sticky":false,"template":"","format":"standard","meta":{"footnotes":""},"categories":[36,1,47,19,24],"tags":[],"class_list":["post-174","post","type-post","status-publish","format-standard","hentry","category-allofobia","category-general","category-planificacio","category-politica","category-requisit-linguistic"],"_links":{"self":[{"href":"https:\/\/www.cdlpv.org\/dtl\/wp-json\/wp\/v2\/posts\/174","targetHints":{"allow":["GET"]}}],"collection":[{"href":"https:\/\/www.cdlpv.org\/dtl\/wp-json\/wp\/v2\/posts"}],"about":[{"href":"https:\/\/www.cdlpv.org\/dtl\/wp-json\/wp\/v2\/types\/post"}],"author":[{"embeddable":true,"href":"https:\/\/www.cdlpv.org\/dtl\/wp-json\/wp\/v2\/users\/2"}],"replies":[{"embeddable":true,"href":"https:\/\/www.cdlpv.org\/dtl\/wp-json\/wp\/v2\/comments?post=174"}],"version-history":[{"count":0,"href":"https:\/\/www.cdlpv.org\/dtl\/wp-json\/wp\/v2\/posts\/174\/revisions"}],"wp:attachment":[{"href":"https:\/\/www.cdlpv.org\/dtl\/wp-json\/wp\/v2\/media?parent=174"}],"wp:term":[{"taxonomy":"category","embeddable":true,"href":"https:\/\/www.cdlpv.org\/dtl\/wp-json\/wp\/v2\/categories?post=174"},{"taxonomy":"post_tag","embeddable":true,"href":"https:\/\/www.cdlpv.org\/dtl\/wp-json\/wp\/v2\/tags?post=174"}],"curies":[{"name":"wp","href":"https:\/\/api.w.org\/{rel}","templated":true}]}}