{"id":1739,"date":"2010-09-16T13:39:29","date_gmt":"2010-09-16T12:39:29","guid":{"rendered":"http:\/\/www.cdlpv.org\/dtl\/?p=1739"},"modified":"2010-09-16T13:39:29","modified_gmt":"2010-09-16T12:39:29","slug":"despesa-en-politica-linguistica-7","status":"publish","type":"post","link":"https:\/\/www.cdlpv.org\/dtl\/2010\/09\/16\/despesa-en-politica-linguistica-7\/","title":{"rendered":"Despesa en pol\u00edtica ling\u00fc\u00edstica (7)"},"content":{"rendered":"<p>L&#8217;evoluci\u00f3 de la inversi\u00f3 en promoci\u00f3 i \u00fas del valenci\u00e0 feta per la Generalitat valenciana del Partit Popular durant esta legislatura quadra perfectament amb el refor\u00e7 de la tend\u00e8ncia estad\u00edstica que indica que cada volta hi ha menys percentatge de persones que fan servir el valenci\u00e0 en els \u00e0mbits m\u00e9s comuns de la seua vida (<a href=\"http:\/\/www.edu.gva.es\/polin\/docs\/sies_docs\/Alacant_2008\/ALACANT_2008.htm\" target=\"_blank\">veg.<\/a> SIES, Alacant, 2006). Vejam les dades, mentres esperem a vore qu\u00e8 decidixen que faran l&#8217;any que ve &mdash;s&#8217;acosten els nous pressuposts&mdash;:<\/p>\n<blockquote>\n<div class=\"nota\">\n<table border=\"0\" cellspacing=\"0\" cellpadding=\"0\" class=\"ta1\">\n<colgroup>\n<col width=\"99\"\/>\n<col width=\"99\"\/>\n<col width=\"99\"\/>\n<col width=\"99\"\/><\/colgroup>\n<tr class=\"ro1\">\n<td style=\"text-align:left; \" class=\"ce1\"> <\/td>\n<td style=\"text-align:left; \" class=\"ce1\">\n<p>Pressupost<\/p>\n<\/td>\n<td style=\"text-align:left; \" class=\"ce1\">\n<p>Variaci\u00f3 <\/p>\n<\/td>\n<td style=\"text-align:left; \" class=\"ce1\">\n<p>%&nbsp;de&nbsp;variaci\u00f3<\/p>\n<\/td>\n<\/tr>\n<tr class=\"ro2\">\n<td style=\"text-align:right;\" class=\"ce1\">\n<p>2006<\/p>\n<\/td>\n<td style=\"text-align:right;\" class=\"ce1\">\n<p>6.457.880<\/p>\n<\/td>\n<td style=\"text-align:left; \" class=\"ce1\">\n<p>&#8212;<\/p>\n<\/td>\n<td style=\"text-align:left; \" class=\"ce1\">\n<p>&#8212;<\/p>\n<\/td>\n<\/tr>\n<tr class=\"ro2\">\n<td style=\"text-align:right;\" class=\"ce1\">\n<p>2007<\/p>\n<\/td>\n<td style=\"text-align:right;\" class=\"ce1\">\n<p>6.765.440<\/p>\n<\/td>\n<td style=\"text-align:right;\" class=\"ce1\">\n<p>304.560<\/p>\n<\/td>\n<td style=\"text-align:right;\" class=\"ce1\">\n<p>4,76<\/p>\n<\/td>\n<\/tr>\n<tr class=\"ro2\">\n<td style=\"text-align:right;\" class=\"ce1\">\n<p>2008<\/p>\n<\/td>\n<td style=\"text-align:right;\" class=\"ce1\">\n<p>7.035.350<\/p>\n<\/td>\n<td style=\"text-align:right;\" class=\"ce1\">\n<p>269.910<\/p>\n<\/td>\n<td style=\"text-align:right;\" class=\"ce1\">\n<p>3,99<\/p>\n<\/td>\n<\/tr>\n<tr class=\"ro2\">\n<td style=\"text-align:right;\" class=\"ce1\">\n<p>2009<\/p>\n<\/td>\n<td style=\"text-align:right;\" class=\"ce1\">\n<p>7.001.760<\/p>\n<\/td>\n<td style=\"text-align:right;\" class=\"ce1\">\n<p>211.210<\/p>\n<\/td>\n<td style=\"text-align:right;\" class=\"ce1\">\n<p>3,11<\/p>\n<\/td>\n<\/tr>\n<tr class=\"ro2\">\n<td style=\"text-align:right;\" class=\"ce1\">\n<p>2010<\/p>\n<\/td>\n<td style=\"text-align:right;\" class=\"ce1\">\n<p>5.936.850<\/p>\n<\/td>\n<td style=\"text-align:right;\" class=\"ce1\">\n<p>-1.064.910<\/p>\n<\/td>\n<td style=\"text-align:right;\" class=\"ce1\">\n<p>-15,21<\/p>\n<\/td>\n<\/tr>\n<\/table>\n<table border=\"0\" cellspacing=\"0\" cellpadding=\"0\" class=\"ta1\">\n<colgroup>\n<col width=\"99\"\/><\/colgroup>\n<tr class=\"ro2\">\n<td style=\"text-align:left; \" class=\"Default\"> <\/td>\n<\/tr>\n<\/table>\n<table border=\"0\" cellspacing=\"0\" cellpadding=\"0\" class=\"ta1\">\n<colgroup>\n<col width=\"99\"\/><\/colgroup>\n<tr class=\"ro2\">\n<td style=\"text-align:left; \" class=\"Default\"> <\/td>\n<\/tr>\n<\/table>\n<\/div>\n<\/blockquote>\n","protected":false},"excerpt":{"rendered":"<p>L&#8217;evoluci\u00f3 de la inversi\u00f3 en promoci\u00f3 i \u00fas del valenci\u00e0 feta per la Generalitat valenciana del Partit Popular durant esta legislatura quadra perfectament amb el refor\u00e7 de la tend\u00e8ncia estad\u00edstica que indica que cada volta hi ha menys percentatge de persones que fan servir el valenci\u00e0 en els \u00e0mbits m\u00e9s comuns de la seua vida [&hellip;]<\/p>\n","protected":false},"author":2,"featured_media":0,"comment_status":"open","ping_status":"open","sticky":false,"template":"","format":"standard","meta":{"footnotes":""},"categories":[1,47,19,21],"tags":[141],"class_list":["post-1739","post","type-post","status-publish","format-standard","hentry","category-general","category-planificacio","category-politica","category-pressuposts","tag-despesa"],"_links":{"self":[{"href":"https:\/\/www.cdlpv.org\/dtl\/wp-json\/wp\/v2\/posts\/1739","targetHints":{"allow":["GET"]}}],"collection":[{"href":"https:\/\/www.cdlpv.org\/dtl\/wp-json\/wp\/v2\/posts"}],"about":[{"href":"https:\/\/www.cdlpv.org\/dtl\/wp-json\/wp\/v2\/types\/post"}],"author":[{"embeddable":true,"href":"https:\/\/www.cdlpv.org\/dtl\/wp-json\/wp\/v2\/users\/2"}],"replies":[{"embeddable":true,"href":"https:\/\/www.cdlpv.org\/dtl\/wp-json\/wp\/v2\/comments?post=1739"}],"version-history":[{"count":0,"href":"https:\/\/www.cdlpv.org\/dtl\/wp-json\/wp\/v2\/posts\/1739\/revisions"}],"wp:attachment":[{"href":"https:\/\/www.cdlpv.org\/dtl\/wp-json\/wp\/v2\/media?parent=1739"}],"wp:term":[{"taxonomy":"category","embeddable":true,"href":"https:\/\/www.cdlpv.org\/dtl\/wp-json\/wp\/v2\/categories?post=1739"},{"taxonomy":"post_tag","embeddable":true,"href":"https:\/\/www.cdlpv.org\/dtl\/wp-json\/wp\/v2\/tags?post=1739"}],"curies":[{"name":"wp","href":"https:\/\/api.w.org\/{rel}","templated":true}]}}