{"id":173,"date":"2007-09-05T10:44:00","date_gmt":"2007-09-05T09:44:00","guid":{"rendered":"http:\/\/www.cdlpv.org\/dtl\/?p=173"},"modified":"2007-09-05T10:44:00","modified_gmt":"2007-09-05T09:44:00","slug":"un-director-general-no-aten-en-valencia","status":"publish","type":"post","link":"https:\/\/www.cdlpv.org\/dtl\/2007\/09\/05\/un-director-general-no-aten-en-valencia\/","title":{"rendered":"Un director general no at\u00e9n en valenci\u00e0"},"content":{"rendered":"<p><img decoding=\"async\" id=\"image172\" height=288 alt=\"\u00bfSom seu o nom\u00e9s \u00absede\u00bb?\" src=\"http:\/\/www.cdlpv.org\/dtl\/wp-content\/comunitatseu.jpg\" align=\"right\" \/>Josep Vicent Felip i Monlle\u00f3 \u00e9s el director general d\u2019Ordenaci\u00f3 i Centres Docents, per\u00f2 abans tamb\u00e9 era el qui manejava la pol\u00edtica ling\u00fc\u00edstica del govern valenci\u00e0. Aix\u00f2 fa pensar que deu tindre una certa idea de l&#8217;exist\u00e8ncia de la Llei 30\/1992 estatal i de la regulaci\u00f3 ling\u00fc\u00edstica que inclou. M\u00e9s encara, deu tindre personal al seu c\u00e0rrec que s\u00ed que hi deu entendre una mica. Aix\u00ed, no s&#8217;ent\u00e9n que no la complixca en all\u00f2 que afecta els drets dels ciutadans que se li adrecen en valenci\u00e0: nom\u00e9s contesta en espanyol. Almenys eixa \u00e9s l&#8217;experi\u00e8ncia que hem conegut fa uns dies a trav\u00e9s d&#8217;un escrit seu &mdash;on, a m\u00e9s, citava decrets \u00abinexistents\u00bb per a justificar una normativa que est\u00e0 aplicant sense suport legal.<\/p>\n<p>Podr\u00edem pensar en una errada puntual, si no f\u00f3ra que el motiu propagand\u00edstic de la Copa de l&#8217;<em>America<\/em> que inclouen els papers de la conselleria nom\u00e9s est\u00e0 en espanyol, \u00abComunidad sede\u00bb, sense que hajam vist encara cap \u00abComunitat seu\u00bb a pesar del que contesten quan els ho assenyales i a pesar de les febles iniciatives de l&#8217;Acad\u00e8mia Valenciana de la Llengua (<span class=\"versaleta\">avl<\/span>) per valencianitzar l&#8217;esdeveniment. (Per exemple, vegeu el <a href=\"http:\/\/www.comunitatvalenciana.com\/descargas\/cuadriptico_va.pdf\" target=\"_blank\"><span class=\"versaleta\">pdf<\/span><\/a> publicitari d&#8217;on hem tret la imatge.)<\/p>\n<p>L&#8217;escrit \u00e9s, per tant, una mostra m\u00e9s de la contraplanificaci\u00f3 ling\u00fc\u00edstica que s&#8217;impulsa des de fa ja massa anys des de l&#8217;administraci\u00f3 popular del Consell. Molta propaganda sobre suposades senyes d&#8217;identitat i sobre subvencions, molt de vici de faronejar amb les dades sobre la quantitat d&#8217;alumnes que estudien en valenci\u00e0 (\u00a1poc m\u00e9s del 20&nbsp;% en 20 anys!). Al final resulta que no s\u00f3n capa\u00e7os de gestionar la seua correspond\u00e8ncia administrativa en dos lleng\u00fces (\u00a1i aix\u00f2 que nom\u00e9s en s\u00f3n dos!).<\/p>\n","protected":false},"excerpt":{"rendered":"<p>Josep Vicent Felip i Monlle\u00f3 \u00e9s el director general d\u2019Ordenaci\u00f3 i Centres Docents, per\u00f2 abans tamb\u00e9 era el qui manejava la pol\u00edtica ling\u00fc\u00edstica del govern valenci\u00e0. Aix\u00f2 fa pensar que deu tindre una certa idea de l&#8217;exist\u00e8ncia de la Llei 30\/1992 estatal i de la regulaci\u00f3 ling\u00fc\u00edstica que inclou. M\u00e9s encara, deu tindre personal al [&hellip;]<\/p>\n","protected":false},"author":2,"featured_media":0,"comment_status":"open","ping_status":"open","sticky":false,"template":"","format":"standard","meta":{"footnotes":""},"categories":[2,4,1,47,24],"tags":[119],"class_list":["post-173","post","type-post","status-publish","format-standard","hentry","category-comunicacio","category-dret","category-general","category-planificacio","category-requisit-linguistic","tag-contraplanificacio"],"_links":{"self":[{"href":"https:\/\/www.cdlpv.org\/dtl\/wp-json\/wp\/v2\/posts\/173","targetHints":{"allow":["GET"]}}],"collection":[{"href":"https:\/\/www.cdlpv.org\/dtl\/wp-json\/wp\/v2\/posts"}],"about":[{"href":"https:\/\/www.cdlpv.org\/dtl\/wp-json\/wp\/v2\/types\/post"}],"author":[{"embeddable":true,"href":"https:\/\/www.cdlpv.org\/dtl\/wp-json\/wp\/v2\/users\/2"}],"replies":[{"embeddable":true,"href":"https:\/\/www.cdlpv.org\/dtl\/wp-json\/wp\/v2\/comments?post=173"}],"version-history":[{"count":0,"href":"https:\/\/www.cdlpv.org\/dtl\/wp-json\/wp\/v2\/posts\/173\/revisions"}],"wp:attachment":[{"href":"https:\/\/www.cdlpv.org\/dtl\/wp-json\/wp\/v2\/media?parent=173"}],"wp:term":[{"taxonomy":"category","embeddable":true,"href":"https:\/\/www.cdlpv.org\/dtl\/wp-json\/wp\/v2\/categories?post=173"},{"taxonomy":"post_tag","embeddable":true,"href":"https:\/\/www.cdlpv.org\/dtl\/wp-json\/wp\/v2\/tags?post=173"}],"curies":[{"name":"wp","href":"https:\/\/api.w.org\/{rel}","templated":true}]}}