{"id":1715,"date":"2010-09-14T12:19:42","date_gmt":"2010-09-14T11:19:42","guid":{"rendered":"http:\/\/www.cdlpv.org\/dtl\/?p=1715"},"modified":"2010-09-14T12:19:42","modified_gmt":"2010-09-14T11:19:42","slug":"oferta-laboral-dassessorament-linguistic","status":"publish","type":"post","link":"https:\/\/www.cdlpv.org\/dtl\/2010\/09\/14\/oferta-laboral-dassessorament-linguistic\/","title":{"rendered":"Oferta laboral d&#8217;assessorament ling\u00fc\u00edstic"},"content":{"rendered":"<p>Joan Vilarnau ens fa arribar a trav\u00e9s d&#8217;Infoz\u00e8fir l&#8217;oferta laboral seg\u00fcent:<\/p>\n<blockquote><p>\nLa Comissi\u00f3 Obrera Nacional de Catalunya necessita contractar una persona per cobrir el seg\u00fcent lloc de treball:<\/p>\n<p>I. TIPUS DE PLA\u00c7A A COBRIR: assessor\/a i dinamitzador\/a ling\u00fc\u00edstic\/a<\/p>\n<p>II. CONDICIONS LABORALS DE LES PLACES A COBRIR<\/p>\n<p>&#8211; Nivell professional: Assessor\/a i dinamitzador\/a ling\u00fc\u00edstic\/a<br \/>\n&#8211; Tipus de contracte: Inicialment temporal i es transformar\u00e0 en indefinit als 18 mesos<br \/>\n&#8211; Lloc de treball: Barcelona<br \/>\n&#8211; Per\u00edode de prova: 3 mesos<br \/>\n&#8211; Horari: 40 hores setmanals de dilluns a divendres<br \/>\n&#8211; Incorporaci\u00f3: a partir de l\u20191 d\u2019octubre de 2010<\/p>\n<p>III. REQUISITS DELS SO&#319;LICITANTS<\/p>\n<p>&#8211; Titulat\/ada superior, preferentment llicenciat\/ada en filologia catalana o en traducci\u00f3 i interpretaci\u00f3 al catal\u00e0, o diplomat\/ada en el postgrau en correcci\u00f3 (nivell K de la JPC o equivalent).<br \/>\n&#8211; Acceptar les normes internes del sindicat.<br \/>\n&#8211; Bon coneixement, a nivell d\u2019usuari, de les aplicacions inform\u00e0tiques.<\/p>\n<p>IV. ES VALORAR\u00c0<\/p>\n<p>&#8211; L\u2019experi\u00e8ncia laboral en assessorament ling\u00fc\u00edstic.<br \/>\n&#8211; L\u2019experi\u00e8ncia en dinamitzaci\u00f3 o planificaci\u00f3 ling\u00fc\u00edstica.<br \/>\n&#8211; L\u2019experi\u00e8ncia sindical.<br \/>\n&#8211; Coneixement d\u2019altres lleng\u00fces.<br \/>\n&#8211; I qualsevol altra circumst\u00e0ncia rellevant que es vulgui fer constar en el curr\u00edculum.<\/p>\n<p>V. ADMISSI\u00d3 DE SO&#319;LICITUDS<\/p>\n<p>Les so&#320;licituds per participar a la convocat\u00f2ria s\u2019han d\u2019adre\u00e7ar via correu electr\u00f2nic:<\/p>\n<p>CS.CONC (USC &#8211; Recursos Humans) Refer\u00e8ncia: SL Barcelona<br \/>\nC\/e: <a href=\"mailto:rrhh@ccoo.cat\"><em>rrhh@ccoo.cat<\/em><\/a><\/p>\n<p>Es valorar\u00e0 la carta de presentaci\u00f3.<\/p>\n<p>La presentaci\u00f3 de so&#320;licituds finalitzar\u00e0 el dimecres 22 de setembre de 2010, a les 14 h.<\/p>\n<p>Es far\u00e0 una preselecci\u00f3 de curr\u00edculums. Aquells\/es qui per formaci\u00f3 i\/o experi\u00e8ncia professional resultin m\u00e9s adients al lloc de treball seran convocats\/ades per correu electr\u00f2nic per a la realitzaci\u00f3 de les proves de selecci\u00f3.<\/p>\n<p>VI. PROVES DE SELECCI\u00d3<\/p>\n<p>&#8211; Valoraci\u00f3 del curr\u00edculum.<br \/>\n&#8211; Prova escrita d\u2019avaluaci\u00f3 dels coneixements t\u00e8cnics (\u00e9s perm\u00e8s portar un diccionari el dia de la convocat\u00f2ria).<br \/>\n&#8211; Entrevista personal.<\/p>\n<p>VI. COMISSI\u00d3 DE SELECCI\u00d3<\/p>\n<p>La Comissi\u00f3 de Selecci\u00f3 estar\u00e0 formada per:<\/p>\n<p>&#8211; Una persona de la Secretaria de Formaci\u00f3 Sindical i Cultura de CCOO de Catalunya.<br \/>\n&#8211; Una persona del Servei Ling\u00fc\u00edstic.<br \/>\n&#8211; Una persona del departament de Recursos Humans de la CONC<br \/>\n&#8211; Una persona en representaci\u00f3 del Comit\u00e8 d&#8217;Empresa de CCOO de Catalunya<\/p>\n<p>Font: Dolors Frutos<br \/>\nCoordinadora del Servei Ling\u00fc\u00edstic<br \/>\nSecretaria de Formaci\u00f3 Sindical i Cultura<br \/>\nCCOO de Catalunya<br \/>\n<a href=\"www.ccoo.cat\/sl\" target=\"_blank\"><em>www.ccoo.cat\/sl<\/em><\/a>\n<\/p><\/blockquote>\n","protected":false},"excerpt":{"rendered":"<p>Joan Vilarnau ens fa arribar a trav\u00e9s d&#8217;Infoz\u00e8fir l&#8217;oferta laboral seg\u00fcent: La Comissi\u00f3 Obrera Nacional de Catalunya necessita contractar una persona per cobrir el seg\u00fcent lloc de treball: I. TIPUS DE PLA\u00c7A A COBRIR: assessor\/a i dinamitzador\/a ling\u00fc\u00edstic\/a II. CONDICIONS LABORALS DE LES PLACES A COBRIR &#8211; Nivell professional: Assessor\/a i dinamitzador\/a ling\u00fc\u00edstic\/a &#8211; Tipus [&hellip;]<\/p>\n","protected":false},"author":2,"featured_media":0,"comment_status":"open","ping_status":"open","sticky":false,"template":"","format":"standard","meta":{"footnotes":""},"categories":[43,1,15],"tags":[67,71,334],"class_list":["post-1715","post","type-post","status-publish","format-standard","hentry","category-concursos","category-general","category-laboral","tag-assessorament","tag-barcelona","tag-ofertes"],"_links":{"self":[{"href":"https:\/\/www.cdlpv.org\/dtl\/wp-json\/wp\/v2\/posts\/1715","targetHints":{"allow":["GET"]}}],"collection":[{"href":"https:\/\/www.cdlpv.org\/dtl\/wp-json\/wp\/v2\/posts"}],"about":[{"href":"https:\/\/www.cdlpv.org\/dtl\/wp-json\/wp\/v2\/types\/post"}],"author":[{"embeddable":true,"href":"https:\/\/www.cdlpv.org\/dtl\/wp-json\/wp\/v2\/users\/2"}],"replies":[{"embeddable":true,"href":"https:\/\/www.cdlpv.org\/dtl\/wp-json\/wp\/v2\/comments?post=1715"}],"version-history":[{"count":0,"href":"https:\/\/www.cdlpv.org\/dtl\/wp-json\/wp\/v2\/posts\/1715\/revisions"}],"wp:attachment":[{"href":"https:\/\/www.cdlpv.org\/dtl\/wp-json\/wp\/v2\/media?parent=1715"}],"wp:term":[{"taxonomy":"category","embeddable":true,"href":"https:\/\/www.cdlpv.org\/dtl\/wp-json\/wp\/v2\/categories?post=1715"},{"taxonomy":"post_tag","embeddable":true,"href":"https:\/\/www.cdlpv.org\/dtl\/wp-json\/wp\/v2\/tags?post=1715"}],"curies":[{"name":"wp","href":"https:\/\/api.w.org\/{rel}","templated":true}]}}