{"id":1712,"date":"2010-09-10T09:05:33","date_gmt":"2010-09-10T08:05:33","guid":{"rendered":"http:\/\/www.cdlpv.org\/dtl\/?p=1712"},"modified":"2010-09-10T09:05:33","modified_gmt":"2010-09-10T08:05:33","slug":"jornades-sobre-actituds-linguistiques","status":"publish","type":"post","link":"https:\/\/www.cdlpv.org\/dtl\/2010\/09\/10\/jornades-sobre-actituds-linguistiques\/","title":{"rendered":"Jornades sobre actituds ling\u00fc\u00edstiques"},"content":{"rendered":"<p>Magdalena Ramon ens envia a trav\u00e9s d&#8217;Infoz\u00e8fir la convocat\u00f2ria seg\u00fcent:<\/p>\n<blockquote>\n<h2>IV Jornades de Normalitzaci\u00f3 Ling\u00fc\u00edstica de Menorca<\/h2>\n<p><strong>Fidelitat i actituds ling\u00fc\u00edstiques<\/strong><\/p>\n<p><strong>Data:<\/strong> 1 i 2 d&#8217;octubre de 2010<br \/>\n<strong>Lloc:<\/strong> Seu del Consell Insular de Menorca (pl. de la Biosfera &#8211; Ma\u00f3)<\/p>\n<p>El Departament de Cultura, Patrimoni, Educaci\u00f3 i Joventut del Consell Insular de Menorca ha organitzat per al divendres dia 1 i el dissabte dia 2 d\u2019octubre les IV Jornades de Normalitzaci\u00f3 Ling\u00fc\u00edstica de Menorca, que tindran lloc a la seu del Consell Insular de Menorca, a la pla\u00e7a de la Biosfera de Ma\u00f3.<\/p>\n<p>En aquesta edici\u00f3, les jornades, amb el tema central de la fidelitat i les actituds ling\u00fc\u00edstiques, tindran un car\u00e0cter eminentment pr\u00e0ctic i participatiu i per aix\u00f2 es vehicularan fonamentalment a trav\u00e9s de la realitzaci\u00f3 d\u2019un taller que, mitjan\u00e7ant t\u00e8cniques procedents de la psicologia, pret\u00e9n proporcionar recursos perqu\u00e8 els parlants que ho vulguin puguin parlar en catal\u00e0 amb tothom i pertot. Per aix\u00f2, en aquesta edici\u00f3 les Jornades de Normalitzaci\u00f3 estan especialment adre\u00e7ades a aquelles persones que, a trav\u00e9s de la seva actitud, poden funcionar com a model ling\u00fc\u00edstic de refer\u00e8ncia positiu per a la resta de parlants.<\/p>\n<h3>Programa:<\/h3>\n<p><strong>Divendres 1 d&#8217;octubre<\/strong><\/p>\n<p>16.30 h Lliurament de material i obertura.<\/p>\n<p>17.00 h &#8211; 18.00 h Confer\u00e8ncia introduct\u00f2ria del taller \u00abSiguem educats, parlem catal\u00e0\u00bb, a c\u00e0rrec de <a href=\"http:\/\/hortaestant.blogspot.com\/\" target=\"_blank\">Ferran Suay<\/a>.<\/p>\n<p>18.00 h &#8211; 21.00 h Taller d&#8217;espai ling\u00fc\u00edstic personal <a href=\"http:\/\/www.slideshare.net\/ATC\/fonamentaci-del-telp-taller-despai-lingstic-personal-presentation\" target=\"_blank\"><span class=\"versaleta\">(telp)<\/span><\/a>, a c\u00e0rrec de Ferran Suay i Gemma Sangin\u00e9s.<\/p>\n<p><strong>Dissabte 2 d&#8217;octubre<\/strong><\/p>\n<p>09.30 h &#8211; 10.30 h Confer\u00e8ncia \u00abEntorn i comportaments ling\u00fc\u00edstics\u00bb, a c\u00e0rrec de Joan Meli\u00e0.<\/p>\n<p>10.30 h &#8211; 13.30 h Taller d&#8217;espai ling\u00fc\u00edstic personal <span class=\"versaleta\">(telp)<\/span>, a c\u00e0rrec de Ferran Suay i Gemma Sangin\u00e9s.<\/p>\n<p>13.30 h Clausura.<\/p>\n<p>Per a m\u00e9s informaci\u00f3 i inscripcions entrau a: <a href=\"http:\/\/www.culturamenorca.org\/sal\/jornades\" target=\"_blank\"><em>http:\/\/www.culturamenorca.org\/sal\/jornades<\/em><\/a><\/p>\n<p>Font: Servei d\u2019Assessorament Ling\u00fc\u00edstic del Consell Insular de Menorca\n<\/p><\/blockquote>\n","protected":false},"excerpt":{"rendered":"<p>Magdalena Ramon ens envia a trav\u00e9s d&#8217;Infoz\u00e8fir la convocat\u00f2ria seg\u00fcent: IV Jornades de Normalitzaci\u00f3 Ling\u00fc\u00edstica de Menorca Fidelitat i actituds ling\u00fc\u00edstiques Data: 1 i 2 d&#8217;octubre de 2010 Lloc: Seu del Consell Insular de Menorca (pl. de la Biosfera &#8211; Ma\u00f3) El Departament de Cultura, Patrimoni, Educaci\u00f3 i Joventut del Consell Insular de Menorca ha [&hellip;]<\/p>\n","protected":false},"author":2,"featured_media":0,"comment_status":"open","ping_status":"open","sticky":false,"template":"","format":"standard","meta":{"footnotes":""},"categories":[36,2,10,1,27],"tags":[307,466],"class_list":["post-1712","post","type-post","status-publish","format-standard","hentry","category-allofobia","category-comunicacio","category-formacio","category-general","category-sociolinguistica","tag-menorca","tag-telp"],"_links":{"self":[{"href":"https:\/\/www.cdlpv.org\/dtl\/wp-json\/wp\/v2\/posts\/1712","targetHints":{"allow":["GET"]}}],"collection":[{"href":"https:\/\/www.cdlpv.org\/dtl\/wp-json\/wp\/v2\/posts"}],"about":[{"href":"https:\/\/www.cdlpv.org\/dtl\/wp-json\/wp\/v2\/types\/post"}],"author":[{"embeddable":true,"href":"https:\/\/www.cdlpv.org\/dtl\/wp-json\/wp\/v2\/users\/2"}],"replies":[{"embeddable":true,"href":"https:\/\/www.cdlpv.org\/dtl\/wp-json\/wp\/v2\/comments?post=1712"}],"version-history":[{"count":0,"href":"https:\/\/www.cdlpv.org\/dtl\/wp-json\/wp\/v2\/posts\/1712\/revisions"}],"wp:attachment":[{"href":"https:\/\/www.cdlpv.org\/dtl\/wp-json\/wp\/v2\/media?parent=1712"}],"wp:term":[{"taxonomy":"category","embeddable":true,"href":"https:\/\/www.cdlpv.org\/dtl\/wp-json\/wp\/v2\/categories?post=1712"},{"taxonomy":"post_tag","embeddable":true,"href":"https:\/\/www.cdlpv.org\/dtl\/wp-json\/wp\/v2\/tags?post=1712"}],"curies":[{"name":"wp","href":"https:\/\/api.w.org\/{rel}","templated":true}]}}