{"id":171,"date":"2007-09-05T08:25:07","date_gmt":"2007-09-05T07:25:07","guid":{"rendered":"http:\/\/www.cdlpv.org\/dtl\/?p=171"},"modified":"2007-09-05T08:25:07","modified_gmt":"2007-09-05T07:25:07","slug":"difusio-dels-videos-sobre-el-pais-basc-i-llengues","status":"publish","type":"post","link":"https:\/\/www.cdlpv.org\/dtl\/2007\/09\/05\/difusio-dels-videos-sobre-el-pais-basc-i-llengues\/","title":{"rendered":"Difusi\u00f3 dels v\u00eddeos sobre el Pa\u00eds Basc i lleng\u00fces"},"content":{"rendered":"<p>La tasca que consistix a fer titulars en els diaris deu ser, sens dubte, una tasca ideol\u00f2gica. Certament, ho s\u00e9 massa b\u00e9, perqu\u00e8 s\u00f3c qui fa els titulars de les meues entrades en el <span class=\"versaleta\"><em>dtl<\/em><\/span>. Per tant, haurem d&#8217;acceptar com a normal que el diari <em>El Pa\u00eds<\/em> (<a href=\"http:\/\/www.elpais.com\/articulo\/pais\/vasco\/web\/Euskaltube\/dara\/cabida\/Internet\/videos\/realizados\/euskera\/elpepuesppvs\/20070904elpvas_14\/Tes\" target=\"_blank\">05.09.2007<\/a>) fa\u00e7a els titulars que fa, on la not\u00edcia pot arribar a ser una an\u00e8cdota respecte al que en el fons que realment transmet.<\/p>\n<p>Eixa la impressi\u00f3 que he tingut jo en llegir el titular i la not\u00edcia que reprodu\u00efxc m\u00e9s avall (tradu\u00efda amb l&#8217;ajuda de l&#8217;<a href=\"http:\/\/internostrum.com\" target=\"_blank\">Internostrum<\/a>). Crec que hi havia molts altres t\u00edtulars possibles, sobretot perqu\u00e8 potser no calia \u00abinsinuar\u00bb que els v\u00eddeos fets en basc no es podien penjar fins ara en Internet o que nom\u00e9s es poden penjar en Euskaltube.<\/p>\n<blockquote>\n<h2>El web Euskaltube donar\u00e0 cabuda en Internet als v\u00eddeos realitzats en \u00e8uscar<\/h2>\n<h5>EP &#8211; Sant Sebasti\u00e0 &#8211; 04.09.2007<\/h5>\n<p>Euskaltube.com, un web dissenyat a semblan\u00e7a de Youtube, per\u00f2 en \u00e8uscar, pret\u00e9n convertir-se \u00aben referent principal de la videocreaci\u00f3 social basca en Internet\u00bb. Este nou web permet als internautes enviar els seus propis v\u00eddeos i visualitzar-los. Segons va explicar en un comunicat el periodista Haritz Rodr\u00edguez, responsable d&#8217;<a href=\"Euskaltube.com\" target=\"_blank\">Euskaltube.com<\/a>, el projecte sorgix \u00abde la necessitat de dotar la societat basca d&#8217;eines web 2.0 pr\u00f2pies i, especialment, a aquells que s&#8217;expressen en \u00e8uscar\u00bb. Rodr\u00edguez va precisar que, encara que este web est\u00e0 destinat a totes les persones que vulguen fer-ne \u00fas, \u00absense distinci\u00f3 de lleng\u00fces, el sistema est\u00e0 desenvolupat \u00edntegrament en \u00e8uscar, amb el clar objectiu de fomentar l&#8217;\u00fas de la llengua basca en la xarxa de xarxes\u00bb. Encara que va assenyalar que fer la compet\u00e8ncia a Youtube \u00e9s una mica impensable pel seu potencial i nombre d&#8217;usuaris \u00abdes d&#8217;Euskaltube creiem que, en paral\u00b7lel a les eines globals de la xarxa, les eines locals poden tenir el seu lloc\u00bb, va assenyalar. Els v\u00eddeos que es pengen en Euskaltube no haurien d&#8217;estar necess\u00e0riament editats en \u00e8uscar. Qualsevol v\u00eddeo relacionat amb el Pa\u00eds Basc, tamb\u00e9 aquells que estiguen realitzats en castell\u00e0 o franc\u00e8s, tindr\u00e0 majors possibilitats de difusi\u00f3 que en altres plataformes.\n<\/p><\/blockquote>\n","protected":false},"excerpt":{"rendered":"<p>La tasca que consistix a fer titulars en els diaris deu ser, sens dubte, una tasca ideol\u00f2gica. Certament, ho s\u00e9 massa b\u00e9, perqu\u00e8 s\u00f3c qui fa els titulars de les meues entrades en el dtl. Per tant, haurem d&#8217;acceptar com a normal que el diari El Pa\u00eds (05.09.2007) fa\u00e7a els titulars que fa, on la [&hellip;]<\/p>\n","protected":false},"author":2,"featured_media":0,"comment_status":"open","ping_status":"open","sticky":false,"template":"","format":"standard","meta":{"footnotes":""},"categories":[2,5,1,47],"tags":[],"class_list":["post-171","post","type-post","status-publish","format-standard","hentry","category-comunicacio","category-edicio","category-general","category-planificacio"],"_links":{"self":[{"href":"https:\/\/www.cdlpv.org\/dtl\/wp-json\/wp\/v2\/posts\/171","targetHints":{"allow":["GET"]}}],"collection":[{"href":"https:\/\/www.cdlpv.org\/dtl\/wp-json\/wp\/v2\/posts"}],"about":[{"href":"https:\/\/www.cdlpv.org\/dtl\/wp-json\/wp\/v2\/types\/post"}],"author":[{"embeddable":true,"href":"https:\/\/www.cdlpv.org\/dtl\/wp-json\/wp\/v2\/users\/2"}],"replies":[{"embeddable":true,"href":"https:\/\/www.cdlpv.org\/dtl\/wp-json\/wp\/v2\/comments?post=171"}],"version-history":[{"count":0,"href":"https:\/\/www.cdlpv.org\/dtl\/wp-json\/wp\/v2\/posts\/171\/revisions"}],"wp:attachment":[{"href":"https:\/\/www.cdlpv.org\/dtl\/wp-json\/wp\/v2\/media?parent=171"}],"wp:term":[{"taxonomy":"category","embeddable":true,"href":"https:\/\/www.cdlpv.org\/dtl\/wp-json\/wp\/v2\/categories?post=171"},{"taxonomy":"post_tag","embeddable":true,"href":"https:\/\/www.cdlpv.org\/dtl\/wp-json\/wp\/v2\/tags?post=171"}],"curies":[{"name":"wp","href":"https:\/\/api.w.org\/{rel}","templated":true}]}}