{"id":1706,"date":"2010-09-07T11:28:51","date_gmt":"2010-09-07T10:28:51","guid":{"rendered":"http:\/\/www.cdlpv.org\/dtl\/?p=1706"},"modified":"2010-09-07T11:28:51","modified_gmt":"2010-09-07T10:28:51","slug":"lidioma-espanyol-abans-que-res","status":"publish","type":"post","link":"https:\/\/www.cdlpv.org\/dtl\/2010\/09\/07\/lidioma-espanyol-abans-que-res\/","title":{"rendered":"L&#8217;idioma espanyol abans que res"},"content":{"rendered":"<p><a href=\"http:\/\/www.cdlpv.org\/dtl\/wp-content\/uploads\/2010\/09\/catuniv1.jpg\"><img decoding=\"async\" src=\"http:\/\/www.cdlpv.org\/dtl\/wp-content\/uploads\/2010\/09\/catuniv1.jpg\" style=\"float:right; margin:0 0 10px 10px;cursor:pointer; cursor:hand; width: 50%; height: 50%;\"><\/a><\/p>\n<p>El diari <em>El Pa\u00eds<\/em> (\u00ab\u00bfEl idioma antes que el talento?\u00bb de Sebasti\u00e1n Tobarra, <a href=\"http:\/\/www.elpais.com\/articulo\/sociedad\/idioma\/talento\/elpepisoc\/20100906elpepisoc_1\/Tes\" target=\"_blank\">06.09.2010<\/a>) ens oferix un reportatge sobre la valoraci\u00f3 de la possible regulaci\u00f3 ling\u00fc\u00edstica (un decret) que s&#8217;est\u00e0 preparant en l&#8217;\u00e0mbit universitari catal\u00e0. De tot el que s&#8217;hi comenta, podem destacar dos detalls que fan pensar. Un serien les paraules (potser el periodista no les ha transcrites b\u00e9) de Jes\u00fas Esteban Garc\u00eda (secretari general de la Federaci\u00f3n de Asociaciones de Catedr\u00e1ticos Universitarios):<\/p>\n<blockquote><p>La llengua espanyola \u00e9s oficial en tota Espanya i \u00e9s un deure i un dret usar-la.<\/p><\/blockquote>\n<p>Podem vore que no identifica de quina llengua parla, tot i que podem entendre que es referix a l&#8217;\u00ab\u00fanica\u00bb que \u00e9s espanyola, pel que sembla. D&#8217;altra banda, sembla que diga que \u00e9s un deure usar-la, tot i que el deure \u00e9s simplement con\u00e9ixer-la, tal com indica la Constituci\u00f3 espanyola per al castell\u00e0 (art. 3).<\/p>\n<p>Una altra refer\u00e8ncia simptom\u00e0tica \u00e9s en negatiu, \u00e9s a dir, en all\u00f2 que no es diu ni de passada en el reportatge. Per exemple:<\/p>\n<blockquote><p>Ni en el Pa\u00eds Basc ni en Gal\u00edcia s&#8217;exigix demostrar que saben \u00e8uscar o gallec a tots els docents universitaris.<\/p><\/blockquote>\n<p>A m\u00e9s, salta a la vista que l&#8217;article no parla de les regulacions ling\u00fc\u00edstiques, de les normes institucionals sobre l&#8217;\u00fas de les lleng\u00fces, sin\u00f3 que tracta el \u00abproblema\u00bb que representa per a alguns la regulaci\u00f3 de l&#8217;\u00fas de les lleng\u00fces diferents de la castellana, ja que esta llengua \u2014com ja hem vist en les paraules de Jes\u00fas Esteban\u2014 \u00e9s un deure \u00abpressuposat\u00bb. Per aix\u00f2, no apareix cap refer\u00e8ncia a l&#8217;exig\u00e8ncia de l&#8217;\u00fas dels castell\u00e0 en les normatives universit\u00e0ries. Tanmateix, podem trobar en les convocat\u00f2ries universit\u00e0ries el requisit seg\u00fcent:<\/p>\n<blockquote>[&#8230;] espa\u00f1ol, que ser\u00e1 la lengua oficial en la que tendr\u00e1 lugar el desarrollo del concurso y cuyo conocimiento ser\u00e1 exigible a todos los participantes.<\/p><\/blockquote>\n<p>Eixa manera d&#8217;enfocar la q\u00fcesti\u00f3 recorda massa all\u00f2 que sol passar quan en una conversa alg\u00fa diu \u00abcanviem de tema, parlem de putes, \u00bfcom est\u00e0 ta mare?\u00bb.<\/p>\n","protected":false},"excerpt":{"rendered":"<p>El diari El Pa\u00eds (\u00ab\u00bfEl idioma antes que el talento?\u00bb de Sebasti\u00e1n Tobarra, 06.09.2010) ens oferix un reportatge sobre la valoraci\u00f3 de la possible regulaci\u00f3 ling\u00fc\u00edstica (un decret) que s&#8217;est\u00e0 preparant en l&#8217;\u00e0mbit universitari catal\u00e0. De tot el que s&#8217;hi comenta, podem destacar dos detalls que fan pensar. Un serien les paraules (potser el periodista [&hellip;]<\/p>\n","protected":false},"author":2,"featured_media":0,"comment_status":"open","ping_status":"open","sticky":false,"template":"","format":"standard","meta":{"footnotes":""},"categories":[41,4,45,1,15,23,24,27],"tags":[500],"class_list":["post-1706","post","type-post","status-publish","format-standard","hentry","category-castella","category-dret","category-ensenyament","category-general","category-laboral","category-reglaments-linguistics","category-requisit-linguistic","category-sociolinguistica","tag-universitats"],"_links":{"self":[{"href":"https:\/\/www.cdlpv.org\/dtl\/wp-json\/wp\/v2\/posts\/1706","targetHints":{"allow":["GET"]}}],"collection":[{"href":"https:\/\/www.cdlpv.org\/dtl\/wp-json\/wp\/v2\/posts"}],"about":[{"href":"https:\/\/www.cdlpv.org\/dtl\/wp-json\/wp\/v2\/types\/post"}],"author":[{"embeddable":true,"href":"https:\/\/www.cdlpv.org\/dtl\/wp-json\/wp\/v2\/users\/2"}],"replies":[{"embeddable":true,"href":"https:\/\/www.cdlpv.org\/dtl\/wp-json\/wp\/v2\/comments?post=1706"}],"version-history":[{"count":0,"href":"https:\/\/www.cdlpv.org\/dtl\/wp-json\/wp\/v2\/posts\/1706\/revisions"}],"wp:attachment":[{"href":"https:\/\/www.cdlpv.org\/dtl\/wp-json\/wp\/v2\/media?parent=1706"}],"wp:term":[{"taxonomy":"category","embeddable":true,"href":"https:\/\/www.cdlpv.org\/dtl\/wp-json\/wp\/v2\/categories?post=1706"},{"taxonomy":"post_tag","embeddable":true,"href":"https:\/\/www.cdlpv.org\/dtl\/wp-json\/wp\/v2\/tags?post=1706"}],"curies":[{"name":"wp","href":"https:\/\/api.w.org\/{rel}","templated":true}]}}