{"id":1701,"date":"2010-09-06T09:12:04","date_gmt":"2010-09-06T08:12:04","guid":{"rendered":"http:\/\/www.cdlpv.org\/dtl\/?p=1701"},"modified":"2010-09-06T09:12:04","modified_gmt":"2010-09-06T08:12:04","slug":"la-sentencia-del-constitucional-sobre-lestatut-i-la-llengua-catalana","status":"publish","type":"post","link":"https:\/\/www.cdlpv.org\/dtl\/2010\/09\/06\/la-sentencia-del-constitucional-sobre-lestatut-i-la-llengua-catalana\/","title":{"rendered":"La sent\u00e8ncia del constitucional sobre l&#8217;estatut i la llengua catalana"},"content":{"rendered":"<p>Per si alg\u00fa s&#8217;hi pot acostar i enviar un resum de l&#8217;acte i de la q\u00fcesti\u00f3:<\/p>\n<blockquote><p>\nBenvolguts i benvolgudes,<\/p>\n<p>Tenim el plaer d&#8217;informar-los que aquest dimecres 8 de setembre se celebrar\u00e0 l&#8217;acte: \u00abLa llengua catalana i la sent\u00e8ncia del Tribunal Constitucional sobre l\u2019Estatut. An\u00e0lisi i perspectives\u00bb. L&#8217;acte tindr\u00e0 lloc a les 18:30 a la Sala Prat de la Riba de l&#8217;Institut d&#8217;Estudis Catalans (carrer del Carme, 47, Barcelona) i comptar\u00e0 amb les intervencions de:<\/p>\n<ul>\n<li>Antoni Milian, catedr\u00e0tic de dret administratiu de la Universitat Aut\u00f2noma de Barcelona i director de la Revista de Llengua i Dret.\n<li>Francesc Xavier Vila, professor de socioling\u00fc\u00edstica de la Universitat de Barcelona i director del Centre Universitari de Socioling\u00fc\u00edstica i Comunicaci\u00f3.\n<li>Ferran Requejo, catedr\u00e0tic de ci\u00e8ncia pol\u00edtica de la Universitat Pompeu Fabra.\n <\/ul>\n<p>L&#8217;acte ha estat organitzat per l&#8217;<span class=\"versaleta\">iec<\/span>, Secci\u00f3 Filol\u00f2gica de l\u2019<span class=\"versaleta\">iec<\/span>, Societat Catalana de Socioling\u00fc\u00edstica \u2013 <span class=\"versaleta\">iec<\/span>, amb la co&#320;laboraci\u00f3 d\u2019\u00d2mnium Cultural.<\/p>\n<p>&#8230;&#8230;&#8230;&#8230;&#8230;&#8230;&#8230;&#8230;&#8230;&#8230;&#8230;&#8230;&#8230;.<br \/>\nInformaci\u00f3 distribu\u00efda per:<br \/>\nObservatori <span class=\"versaleta\">csuc<\/span> &#8211; Centre Universitari de Socioling\u00fc\u00edstica i Comunicaci\u00f3<br \/>\nTel. 93 403 70 65<br \/>\nFacultat de Filologia (b\u00fastia 191)<br \/>\nUniversitat de Barcelona<br \/>\nGran Via de les Corts Catalanes, 585<br \/>\n08007 Barcelona<br \/>\n<a href=\"www.ub.es\/cusc\" target=\"_blank\"><em>www.ub.es\/cusc<\/em><\/a>\n<\/p><\/blockquote>\n<p>Mentrestant, podeu comen\u00e7ar a documentar-vos amb la <a href=\"http:\/\/www10.gencat.net\/eapc_revistadret\/recursos_interes\/especial estatut\/documents especial estatut\/document.2010-07-15.7236299341\/ca\"><em>Revista Catalana de Dret P\u00fablic<\/em><\/a>.<\/p>\n","protected":false},"excerpt":{"rendered":"<p>Per si alg\u00fa s&#8217;hi pot acostar i enviar un resum de l&#8217;acte i de la q\u00fcesti\u00f3: Benvolguts i benvolgudes, Tenim el plaer d&#8217;informar-los que aquest dimecres 8 de setembre se celebrar\u00e0 l&#8217;acte: \u00abLa llengua catalana i la sent\u00e8ncia del Tribunal Constitucional sobre l\u2019Estatut. An\u00e0lisi i perspectives\u00bb. L&#8217;acte tindr\u00e0 lloc a les 18:30 a la Sala [&hellip;]<\/p>\n","protected":false},"author":2,"featured_media":0,"comment_status":"open","ping_status":"open","sticky":false,"template":"","format":"standard","meta":{"footnotes":""},"categories":[2,4,1,14],"tags":[435,460,493],"class_list":["post-1701","post","type-post","status-publish","format-standard","hentry","category-comunicacio","category-dret","category-general","category-jurisprudencia","tag-sentencies","tag-tc","tag-universitat-de-barcelona"],"_links":{"self":[{"href":"https:\/\/www.cdlpv.org\/dtl\/wp-json\/wp\/v2\/posts\/1701","targetHints":{"allow":["GET"]}}],"collection":[{"href":"https:\/\/www.cdlpv.org\/dtl\/wp-json\/wp\/v2\/posts"}],"about":[{"href":"https:\/\/www.cdlpv.org\/dtl\/wp-json\/wp\/v2\/types\/post"}],"author":[{"embeddable":true,"href":"https:\/\/www.cdlpv.org\/dtl\/wp-json\/wp\/v2\/users\/2"}],"replies":[{"embeddable":true,"href":"https:\/\/www.cdlpv.org\/dtl\/wp-json\/wp\/v2\/comments?post=1701"}],"version-history":[{"count":0,"href":"https:\/\/www.cdlpv.org\/dtl\/wp-json\/wp\/v2\/posts\/1701\/revisions"}],"wp:attachment":[{"href":"https:\/\/www.cdlpv.org\/dtl\/wp-json\/wp\/v2\/media?parent=1701"}],"wp:term":[{"taxonomy":"category","embeddable":true,"href":"https:\/\/www.cdlpv.org\/dtl\/wp-json\/wp\/v2\/categories?post=1701"},{"taxonomy":"post_tag","embeddable":true,"href":"https:\/\/www.cdlpv.org\/dtl\/wp-json\/wp\/v2\/tags?post=1701"}],"curies":[{"name":"wp","href":"https:\/\/api.w.org\/{rel}","templated":true}]}}