{"id":170,"date":"2007-09-03T08:55:17","date_gmt":"2007-09-03T07:55:17","guid":{"rendered":"http:\/\/www.cdlpv.org\/dtl\/?p=170"},"modified":"2007-09-03T08:55:17","modified_gmt":"2007-09-03T07:55:17","slug":"els-drets-linguistics-segons-una-organitacio-de-funcionaris-de-la-guardia-civil","status":"publish","type":"post","link":"https:\/\/www.cdlpv.org\/dtl\/2007\/09\/03\/els-drets-linguistics-segons-una-organitacio-de-funcionaris-de-la-guardia-civil\/","title":{"rendered":"Els drets ling\u00fc\u00edstics, segons una organitaci\u00f3 de funcionaris de la Gu\u00e0rdia Civil"},"content":{"rendered":"<p>El problema no \u00e9s la llengua, sin\u00f3 el respecte als drets ling\u00fc\u00edstics (i el compliment de les obligacions que estos drets impliquen). Hi ha, per\u00f2, qui nom\u00e9s reconeix drets a les persones que parlen en una llengua i, en canvi, obligacions per als que pretenen parlar-ne una altra. Un sentit de la democr\u00e0cia, de la igualtat i de la just\u00edcia certament peculiar. El greu del cas \u00e9s que eixos plantejaments els puguen fer funcionaris p\u00fablics (un associaci\u00f3 professional), at\u00e9s que estan reclamant simplement l&#8217;abolici\u00f3 dels drets dels ciutadans davant dels desitjos o privilegis dels funcionaris (armats, en este cas, cosa que empitjora l&#8217;assumpte).<\/p>\n<p>Si, dissortadament, arribem al web <a href=\"http:\/\/www.guardiasciviles.com\" target\"_blank\">El Portal del Guardia Civil<\/a>, hi podrem trobar [Consulta: <a href=\"http:\/\/www.guardiasciviles.com\/ver_noticias.asp?id=6334\" target=\"_blank\">03.09.2007<\/a>; l&#8217;hem tradu\u00efda amb l&#8217;ajuda de l&#8217;<a href=\"http:\/\/internostrum.com\/\" target=\"_blank\">Internostrum<\/a>]:<\/p>\n<blockquote>\n<h2>La <span class=\"versaleta\">ufgcs<\/span> assegura que no tolerar\u00e0 la imposici\u00f3 del gallec<\/h2>\n<p>L&#8217;organitzaci\u00f3 comenta a m\u00e9s que qualsevol ciutad\u00e0 pot dirigir-se en gallec, per escrit i verbalment, a qualsevol agent. Davant la proposta del <span class=\"versaleta\">bng<\/span> en el parlament d&#8217;establir convenis de formaci\u00f3 ling\u00fc\u00edstica per als policies i gu\u00e0rdia civils de Gal\u00edcia, la Uni\u00f3n Federal de Guardias Civiles de Gal\u00edcia [<span class=\"versaleta\">ufgcs<\/span>] assegura a Bieito Lobeira \u00abque per moltes propostes i peticions que fa\u00e7a al respecte, els gu\u00e0rdies civils no acceptaran imposicions d&#8217;una llengua que molts no parlen perqu\u00e8 senzillament no coneixen, perqu\u00e8 no desitgen utilitzar-la\u00bb.<\/p>\n<p>Els civils de l&#8217;associaci\u00f3 afirmen que eixa iniciativa obligaria a tots els gu\u00e0rdies civils d&#8217;Espanya a con\u00e9ixer totes les lleng\u00fces de la pen\u00ednsula i \u00ab\u00e9s una cpsa que no van a tolerar\u00bb. Insistixen que \u00abl&#8217;idioma oficial \u00e9s el castell\u00e0 i ja es pot posar fent el pi el senyor Lobeira, que els gu\u00e0rdies civils, aquells que aix\u00ed ho vulguen, continuaran usant el castell\u00e0\u00bb. La <span class=\"versaleta\">ufgcs<\/span> qualifica de falsedat el fet que diverses persones hagen patit problemes amb l&#8217;\u00fas de la llengua gallega en depend\u00e8ncies policials, ja que, segons diuen \u00ab\u00e9s obligaci\u00f3 de tots els espanyols, tamb\u00e9 dels gallecs, con\u00e9ixer el castell\u00e0\u00bb. L&#8217;organitzaci\u00f3 comenta a m\u00e9s que qualsevol ciutad\u00e0 pot dirigir-se en gallec, per escrit i verbalment, a qualsevol agent i tamb\u00e9 presentar escrits o den\u00fancies en el mateix idioma. La <span class=\"versaleta\">ufgcs<\/span> sol\u00b7licita al general cap de la zona de Gal\u00edcia que es pronuncie al respecte sobre l&#8217;assumpte.\n<\/p><\/blockquote>\n","protected":false},"excerpt":{"rendered":"<p>El problema no \u00e9s la llengua, sin\u00f3 el respecte als drets ling\u00fc\u00edstics (i el compliment de les obligacions que estos drets impliquen). Hi ha, per\u00f2, qui nom\u00e9s reconeix drets a les persones que parlen en una llengua i, en canvi, obligacions per als que pretenen parlar-ne una altra. Un sentit de la democr\u00e0cia, de la [&hellip;]<\/p>\n","protected":false},"author":2,"featured_media":0,"comment_status":"open","ping_status":"open","sticky":false,"template":"","format":"standard","meta":{"footnotes":""},"categories":[36,4,1,47,19,24],"tags":[],"class_list":["post-170","post","type-post","status-publish","format-standard","hentry","category-allofobia","category-dret","category-general","category-planificacio","category-politica","category-requisit-linguistic"],"_links":{"self":[{"href":"https:\/\/www.cdlpv.org\/dtl\/wp-json\/wp\/v2\/posts\/170","targetHints":{"allow":["GET"]}}],"collection":[{"href":"https:\/\/www.cdlpv.org\/dtl\/wp-json\/wp\/v2\/posts"}],"about":[{"href":"https:\/\/www.cdlpv.org\/dtl\/wp-json\/wp\/v2\/types\/post"}],"author":[{"embeddable":true,"href":"https:\/\/www.cdlpv.org\/dtl\/wp-json\/wp\/v2\/users\/2"}],"replies":[{"embeddable":true,"href":"https:\/\/www.cdlpv.org\/dtl\/wp-json\/wp\/v2\/comments?post=170"}],"version-history":[{"count":0,"href":"https:\/\/www.cdlpv.org\/dtl\/wp-json\/wp\/v2\/posts\/170\/revisions"}],"wp:attachment":[{"href":"https:\/\/www.cdlpv.org\/dtl\/wp-json\/wp\/v2\/media?parent=170"}],"wp:term":[{"taxonomy":"category","embeddable":true,"href":"https:\/\/www.cdlpv.org\/dtl\/wp-json\/wp\/v2\/categories?post=170"},{"taxonomy":"post_tag","embeddable":true,"href":"https:\/\/www.cdlpv.org\/dtl\/wp-json\/wp\/v2\/tags?post=170"}],"curies":[{"name":"wp","href":"https:\/\/api.w.org\/{rel}","templated":true}]}}