{"id":17,"date":"2006-11-05T20:35:31","date_gmt":"2006-11-05T18:35:31","guid":{"rendered":"http:\/\/www.cdlpv.org\/dtl\/?p=17"},"modified":"2006-11-05T20:35:31","modified_gmt":"2006-11-05T18:35:31","slug":"oposicions-a-montserrat","status":"publish","type":"post","link":"https:\/\/www.cdlpv.org\/dtl\/2006\/11\/05\/oposicions-a-montserrat\/","title":{"rendered":"Oposicions a Montserrat"},"content":{"rendered":"<p>El CIDAJ ens ha fet arribar la informaci\u00f3 seg\u00fcent:<\/p>\n<blockquote>\n<p>\nInformaci\u00f3 p\u00fablica de l&#8217;edicte de l&#8217;Ajuntament sobre la modificaci\u00f3 de les bases espec\u00edfiques que han de regir la convocat\u00f2ria per a la provisi\u00f3 en propietat d&#8217;una pla\u00e7a de t\u00e8cnic ling\u00fc\u00edstic. [2006\/S11824] (DOGV n.\u00ba 5374, de 25.10.2006)<\/p>\n<p>En el <em>Butllet\u00ed Oficial de la Prov\u00edncia de Val\u00e8ncia<\/em> n\u00famero 206 de data 30 d&#8217;agost de 2006, s&#8217;ha publicat edicte de l&#8217;Ajuntament de Montserrat sobre modificaci\u00f3 de les bases particulars que han de regir la convocat\u00f2ria per a la provisi\u00f3 en propietat d&#8217;un pla\u00e7a de t\u00e8cnic ling\u00fc\u00edstic, pel procediment de concurs oposici\u00f3 lliure de l&#8217;Ajuntament de Montserrat.<\/p>\n<p>Cosa que es fa p\u00fablica.<br \/>\nMontserrat, 28 de setembre de 2006. L&#8217;alcalde: Josep M. Mas i Garc\u00eda.\n<\/p>\n<\/blockquote>\n<p>I l&#8217;edicte esmentat diu:<\/p>\n<blockquote>\n<p>\nEDICTE<\/p>\n<p>En relaci\u00f3 amb el recurs de reposici\u00f3 contra les bases espec\u00edfiques que han de regir la convocat\u00f2ria per a la provisi\u00f3 en propietat d&#8217;un pla\u00e7a de t\u00e8cnic\/a ling\u00fc\u00edstic\/a, pel procediment de concurs oposici\u00f3 lliure, de l&#8217;Ajuntament de Montserrat, publicades en el BOP n\u00famero 144, de 19-6-2006, procedim a esmenar all\u00f2 estipulat en les bases tercera i sisena, B) fase de concurs de les bases, les quals quedaran de la seg\u00fcent manera:<\/p>\n<p>En la base tercera s&#8217;establix com a titulaci\u00f3 per a l&#8217;acc\u00e9s a la pla\u00e7a esmentada: &#8220;diplomat\/da universitari\/a, o equivalent, o llicenciatura en filologia catalana&#8221;.<\/p>\n<p>En la base sisena, B) Fase de concurs&#8230; Formaci\u00f3 &#8220;(&#8230;m\u00e0xim de 4,60 punts): -Titulacions acad\u00e8miques:&#8230;m\u00e0xim 0,60 punts,&#8230;: a)&#8230;. 0,30 punts; b)&#8230;&#8230; 0,60 punts.&#8221;<\/p>\n<p>Ho fem p\u00fablic perqu\u00e8 en prengueu coneixement.<br \/>\nMontserrat, 31 de juliol del 2006.-L&#8217;alcalde, Josep M. Mas Garcia.\n<\/p>\n<\/blockquote>\n","protected":false},"excerpt":{"rendered":"<p>El CIDAJ ens ha fet arribar la informaci\u00f3 seg\u00fcent: Informaci\u00f3 p\u00fablica de l&#8217;edicte de l&#8217;Ajuntament sobre la modificaci\u00f3 de les bases espec\u00edfiques que han de regir la convocat\u00f2ria per a la provisi\u00f3 en propietat d&#8217;una pla\u00e7a de t\u00e8cnic ling\u00fc\u00edstic. [2006\/S11824] (DOGV n.\u00ba 5374, de 25.10.2006) En el Butllet\u00ed Oficial de la Prov\u00edncia de Val\u00e8ncia n\u00famero [&hellip;]<\/p>\n","protected":false},"author":2,"featured_media":0,"comment_status":"open","ping_status":"open","sticky":false,"template":"","format":"standard","meta":{"footnotes":""},"categories":[1,15,18],"tags":[],"class_list":["post-17","post","type-post","status-publish","format-standard","hentry","category-general","category-laboral","category-oposicions"],"_links":{"self":[{"href":"https:\/\/www.cdlpv.org\/dtl\/wp-json\/wp\/v2\/posts\/17","targetHints":{"allow":["GET"]}}],"collection":[{"href":"https:\/\/www.cdlpv.org\/dtl\/wp-json\/wp\/v2\/posts"}],"about":[{"href":"https:\/\/www.cdlpv.org\/dtl\/wp-json\/wp\/v2\/types\/post"}],"author":[{"embeddable":true,"href":"https:\/\/www.cdlpv.org\/dtl\/wp-json\/wp\/v2\/users\/2"}],"replies":[{"embeddable":true,"href":"https:\/\/www.cdlpv.org\/dtl\/wp-json\/wp\/v2\/comments?post=17"}],"version-history":[{"count":0,"href":"https:\/\/www.cdlpv.org\/dtl\/wp-json\/wp\/v2\/posts\/17\/revisions"}],"wp:attachment":[{"href":"https:\/\/www.cdlpv.org\/dtl\/wp-json\/wp\/v2\/media?parent=17"}],"wp:term":[{"taxonomy":"category","embeddable":true,"href":"https:\/\/www.cdlpv.org\/dtl\/wp-json\/wp\/v2\/categories?post=17"},{"taxonomy":"post_tag","embeddable":true,"href":"https:\/\/www.cdlpv.org\/dtl\/wp-json\/wp\/v2\/tags?post=17"}],"curies":[{"name":"wp","href":"https:\/\/api.w.org\/{rel}","templated":true}]}}