{"id":1694,"date":"2010-08-31T13:00:05","date_gmt":"2010-08-31T12:00:05","guid":{"rendered":"http:\/\/www.cdlpv.org\/dtl\/?p=1694"},"modified":"2010-08-31T13:00:05","modified_gmt":"2010-08-31T12:00:05","slug":"diada-estellesiana-del-4-de-setembre","status":"publish","type":"post","link":"https:\/\/www.cdlpv.org\/dtl\/2010\/08\/31\/diada-estellesiana-del-4-de-setembre\/","title":{"rendered":"Diada estellesiana del 4 de setembre"},"content":{"rendered":"<p>La iniciativa ja he tingut bona cosa de ress\u00f2 (ha arribat tamb\u00e9 a <a href=\"http:\/\/www.facebook.com\/event.php?eid=147848918570483\" target=\"_blank\">Facebook<\/a>). Pod\u00edem llegir en el diari <em>Levante<\/em> <a href=\"http:\/\/www.levante-emv.com\/panorama\/2010\/07\/20\/estelles-simbol-patria\/724216.html\" target=\"_blank\">(20.07.2010)<\/a>:<\/p>\n<blockquote><p>\nUna nova tradici\u00f3 valenciana pren cos. El pr\u00f2xim 4 de setembre se celebrar\u00e0 en diversos pobles la \u00abFesta Estell\u00e9s\u00bb, un sopar o dinar popular que, amb el pretext de commemorar el naixement del poeta de Burjassot amb poemes seus i plats t\u00edpics valencians, pret\u00e9n reivindicar la cultura i la llengua a imitaci\u00f3 del \u00abBurns S\u00faper\u00bb escoc\u00e9s.\n<\/p><\/blockquote>\n<p>La guspira que ho havia enc\u00e9s tot era la carta de convit de Josep Lozano Lerma:<\/p>\n<blockquote>\n<h2>Estimada amiga o amic:<\/h2>\n<p>Crec que som conscients que la nostra cultura passa per moments dif\u00edcils, fins al punt que pot perillar la seua mateixa exist\u00e8ncia en un futur m\u00e9s menys proper, sobretot al Pa\u00eds Valenci\u00e0. Davant d&#8217;aqueixa situaci\u00f3 hi ha tota una gamma d&#8217;actituds a adoptar, que podr\u00edem agrupar en Negatives o derrotistes \u2014i a lamentar-se sempre estem a temps\u2014 o positives o encoratjadores, amb qu\u00e8 crear i imaginar recursos que es reforcen i ens donen cohesi\u00f3 en defensa d&#8217;all\u00f2 que \u00e9s consubstancial amb nosaltres, all\u00f2 que estimem: la nostra cultura, la nostra llengua, el nostre pa\u00eds. <\/p>\n<p>Altrament, fa temps vaig veure un documental sobre la festa que fan els escocesos el 25 de gener de cada any, que ha arrelat fermament com a celebraci\u00f3 identit\u00e0ria \u2014la fan ja dos segles i escaig\u2014 el <em>Burn&#8217;s souper<\/em>, per celebrar el naixement Robert Burns (1759-1796), un popular poeta en llengua escocesa. On despr\u00e9s d&#8217;un \u00e0pat amb <em>haggis,<\/em> un embotit escoc\u00e9s, es beu i es canta l&#8217;<em>Auld Lang Syne<\/em>, i despr\u00e9s es reciten i canten can\u00e7ons del poeta i d&#8217;altres poetes. <\/p>\n<p>La meua proposta \u00e9s la seg\u00fcent: <\/p>\n<p>Celebrar el naixement d&#8217;un dels nostres grans poetes: Vicent Andr\u00e9s Estell\u00e9s, el 4 de setembre o en la primera quinzena d&#8217;aquest mes, at\u00e9s que el poeta de Burjassot va n\u00e0ixer el 4 de setembre de 1922. I per qu\u00e8 el poeta de Burjassot? Perqu\u00e8 \u00e9s el m\u00e9s pr\u00f2xim i d&#8217;una obra m\u00e9s accessible i receptiva en amplis estrats populars. \u00c9s a dir, fer una festa amb la intenci\u00f3 que tinga continu\u00eftat en anys futurs, i establir-la com una tradici\u00f3 nostra. <\/p>\n<p>Crec que l&#8217;organitzaci\u00f3 pot ser ben f\u00e0cil, pel mateix motiu: fer un dinar o sopar popular, amb el seu toc literari po\u00e8tic, que pot reunir a fam\u00edlies, amics o co&#320;lectius m\u00e9s o menys nombrosos, amb tres coses comunes: <\/p>\n<blockquote><p>\n<em>a<\/em>) Cuinar un plat del nostre pa\u00eds o pa\u00efsos, amb la seu beguda corresponent.<br \/>\n<em>b<\/em>) Sopar o dinar ben dinats o sopats.<br \/>\n<em>c<\/em>) Llegir un poema d&#8217;Estell\u00e9s, el que m\u00e9s us agrade.<br \/>\n<em>d<\/em>) Fer llegir o cantar altres poemes d&#8217;Estell\u00e9s o d&#8217;altres poetes nostres, en una festa que hauria de ser l\u00fadica i popular.\n<\/p><\/blockquote>\n<p>Si la idea us sembla bona i penseu organitzar la Festa Estell\u00e9s, sopar o dinar, tan se val, m&#8217;agradaria que m&#8217;ho digu\u00e9reu, perqu\u00e8 l&#8217;exemple vostre tamb\u00e9 podria encoratjar altres grups o co&#320;lectius. <\/p>\n<p>De moment pensem celebrar-la el dia 3 de setembre a Alginet, als locals del Bloc, i a Benimodo, el dia 4, on va passar bona part els seus \u00faltims anys el poeta. <\/p>\n<p>I, tamb\u00e9, si teniu algun suggeriment a fer-me, sobre aquesta celebraci\u00f3, que puga millor-la, que me la feu. <\/p>\n<p>Atentament, <\/p>\n<p>Josep Lozano\n<\/p><\/blockquote>\n","protected":false},"excerpt":{"rendered":"<p>La iniciativa ja he tingut bona cosa de ress\u00f2 (ha arribat tamb\u00e9 a Facebook). Pod\u00edem llegir en el diari Levante (20.07.2010): Una nova tradici\u00f3 valenciana pren cos. El pr\u00f2xim 4 de setembre se celebrar\u00e0 en diversos pobles la \u00abFesta Estell\u00e9s\u00bb, un sopar o dinar popular que, amb el pretext de commemorar el naixement del poeta [&hellip;]<\/p>\n","protected":false},"author":2,"featured_media":0,"comment_status":"open","ping_status":"open","sticky":false,"template":"","format":"standard","meta":{"footnotes":""},"categories":[2,1,47,19],"tags":[238,373],"class_list":["post-1694","post","type-post","status-publish","format-standard","hentry","category-comunicacio","category-general","category-planificacio","category-politica","tag-identitats","tag-poesia"],"_links":{"self":[{"href":"https:\/\/www.cdlpv.org\/dtl\/wp-json\/wp\/v2\/posts\/1694","targetHints":{"allow":["GET"]}}],"collection":[{"href":"https:\/\/www.cdlpv.org\/dtl\/wp-json\/wp\/v2\/posts"}],"about":[{"href":"https:\/\/www.cdlpv.org\/dtl\/wp-json\/wp\/v2\/types\/post"}],"author":[{"embeddable":true,"href":"https:\/\/www.cdlpv.org\/dtl\/wp-json\/wp\/v2\/users\/2"}],"replies":[{"embeddable":true,"href":"https:\/\/www.cdlpv.org\/dtl\/wp-json\/wp\/v2\/comments?post=1694"}],"version-history":[{"count":0,"href":"https:\/\/www.cdlpv.org\/dtl\/wp-json\/wp\/v2\/posts\/1694\/revisions"}],"wp:attachment":[{"href":"https:\/\/www.cdlpv.org\/dtl\/wp-json\/wp\/v2\/media?parent=1694"}],"wp:term":[{"taxonomy":"category","embeddable":true,"href":"https:\/\/www.cdlpv.org\/dtl\/wp-json\/wp\/v2\/categories?post=1694"},{"taxonomy":"post_tag","embeddable":true,"href":"https:\/\/www.cdlpv.org\/dtl\/wp-json\/wp\/v2\/tags?post=1694"}],"curies":[{"name":"wp","href":"https:\/\/api.w.org\/{rel}","templated":true}]}}