{"id":1692,"date":"2010-08-31T12:17:45","date_gmt":"2010-08-31T11:17:45","guid":{"rendered":"http:\/\/www.cdlpv.org\/dtl\/?p=1692"},"modified":"2010-08-31T12:17:45","modified_gmt":"2010-08-31T11:17:45","slug":"jornada-sobre-el-catala-en-lambit-juvenil","status":"publish","type":"post","link":"https:\/\/www.cdlpv.org\/dtl\/2010\/08\/31\/jornada-sobre-el-catala-en-lambit-juvenil\/","title":{"rendered":"Jornada sobre el catal\u00e0 en l&#8217;\u00e0mbit juvenil"},"content":{"rendered":"<p>Xavier Rull ens envia a trav\u00e9s d&#8217;Infoz\u00e8fir la informaci\u00f3 seg\u00fcent:<\/p>\n<blockquote>\n<h2>Jornada \u00abEl catal\u00e0 mola? Compet\u00e8ncies, representacions i usos de la llengua en l\u2019\u00e0mbit juvenil\u00bb<\/h2>\n<p><strong>Dies:<\/strong> 11 i 12 de novembre del 2010<br \/>\n<strong>Lloc:<\/strong> Palau de Fires i Congressos de Tarragona<\/p>\n<p>Es tracta d\u2019una trobada que t\u00e9 com a objectiu exposar experi\u00e8ncies reeixides i de donar a con\u00e8ixer propostes pr\u00e0ctiques en relaci\u00f3 amb l\u2019extensi\u00f3 de l\u2019\u00fas del catal\u00e0 entre els joves.<\/p>\n<p>Est\u00e0 organitzada pel Departament de Filologia Catalana de la URV, el Servei de Pol\u00edtica Ling\u00fc\u00edstica de l\u2019Ajuntament de Tarragona i la Xarxa CRUSCAT de l\u2019Institut d\u2019Estudis Catalans, amb la co&#320;laboraci\u00f3 de la Diputaci\u00f3 de Tarragona i els Serveis Territorials de la Conselleria de Cultura i Mitjans de Comunicaci\u00f3 a Tarragona.<\/p>\n<p>La jornada combinar\u00e0 la vessant acad\u00e8mica amb una vessant m\u00e9s aplicada orientada a difondre actuacions pr\u00e0ctiques concretes. D\u2019aquesta manera, es pret\u00e9n que les conclusions puguin interessar un ampli ventall de perfils: t\u00e8cnics ling\u00fc\u00edstics, entitats i associacions que treballen per al foment de la llengua, agents educatius, etc. La jornada se centrar\u00e0 en dos eixos: els usos interpersonals i la creaci\u00f3 de contextos facilitadors de l\u2019\u00fas de la llengua, i la relaci\u00f3 entre els joves, els mitjans de comunicaci\u00f3 i el consum cultural en llengua catalana.<\/p>\n<p><b>PROGRAMA<\/b><\/p>\n<p>Dijous 11 de novembre<\/p>\n<p>9.15 \u2013 9.30 h Recepci\u00f3 dels assistents i lliurament de la documentaci\u00f3.<\/p>\n<p>9.30 \u2013 10 h Presentaci\u00f3 de la jornada.<\/p>\n<p>10 \u2013 11.15 h \u00abEl catal\u00e0 i els joves: propostes de pol\u00edtica ling\u00fc\u00edstica del Consell Social de la Llengua Catalana\u00bb, a c\u00e0rrec d\u2019Albert Bastardas.<\/p>\n<p>11.30 \u2013 11.45 h Pausa \u2013 caf\u00e8.<\/p>\n<p>11.45 \u2013 14 h Taula rodona. Els usos interpersonals de la llengua i la creaci\u00f3 de contextos facilitadors (I): experi\u00e8ncies als territoris de parla catalana.<\/p>\n<p>&#8211; \u00abExperi\u00e8ncies d\u2019extensi\u00f3 de l\u2019\u00fas del catal\u00e0 en l\u2019educaci\u00f3 en el lleure. El Taller d\u2019Educaci\u00f3 per la Llengua\u00bb, a c\u00e0rrec de Carles Palau, vicepresident de Tallers per la Llengua.<\/p>\n<p>&#8211; \u00abExtensi\u00f3 i consolidaci\u00f3 de l\u2019\u00fas de la llengua entre adolescents i joves: experi\u00e8ncies i propostes aplicables o adaptables a realitats diverses\u00bb, a c\u00e0rrec d\u2019Escola Valenciana.<\/p>\n<p>&#8211; \u00abTrobades entre joves aut\u00f2ctons i joves nouvinguts per crear un entorn que estimuli l\u2019\u00fas de la llengua\u00bb, a c\u00e0rrec de Paula Plux\u00e0, cap del Departament de Pol\u00edtica Ling\u00fc\u00edstica de l\u2019Ajuntament de Palma.<\/p>\n<p>16.00 \u2013 17.00 h \u00abEls efectes ling\u00fc\u00edstics del pas de l\u2019ensenyament primari al secundari\u00bb, a c\u00e0rrec de Vanessa Bretxa.<\/p>\n<p>17.00 h \u2013 17.30 h Pausa.<\/p>\n<p>17.30 \u2013 19.00 h Taula rodona. Els usos interpersonals de la llengua i la creaci\u00f3 de contextos facilitadors (II): experi\u00e8ncies a les comunitats ling\u00fc\u00edstiques basca i gallega.<\/p>\n<p>&#8211; \u00abDuplo R: regueifa i rap. Una experi\u00e8ncia dinamitzadora de la llengua gallega\u00bb, a c\u00e0rrec de Marta Souto Gonz\u00e1lez (responsable del Servei de Normalitzaci\u00f3 Ling\u00fc\u00edstica del Consell de Vigo).<\/p>\n<p>&#8211; \u00bbProgrames per promoure l\u2019\u00fas del basc en l\u2019\u00e0mbit del temps lliure dels nens\/nenes i joves: Kuadrillategi i altres\u00bb, a c\u00e0rrec de la Urtxintexe Eskola.<\/p>\n<p>Divendres 12 de novembre<\/p>\n<p>9.00 \u2013 10.00 h \u00abAproximaci\u00f3 macrosociol\u00f2gica al coneixement i l\u2019\u00fas del catal\u00e0 entre els joves\u00bb, a c\u00e0rrec de Miquel \u00c0ngel Pradilla i Joaquim Torres.<\/p>\n<p>10.30 \u2013 12 h Taula rodona. Joves, mitjans de comunicaci\u00f3 i consum cultural (I): m\u00fasica, premsa musical i r\u00e0dio, a c\u00e0rrec de Llu\u00eds Gendrau (Grup Enderrock), Judith Rodr\u00edguez (Grup Flaix) i Joanjo Ardanuy (projecte \u00abCanto sense vergonya\u00bb de la Secretaria de Pol\u00edtica Ling\u00fc\u00edstica a Lleida).<\/p>\n<p>12.00 \u2013 12.30 h Pausa \u2013 caf\u00e8.<\/p>\n<p>12.30 \u2013 14.00 h \u00abTraject\u00f2ries i perfils ling\u00fc\u00edstics dels joves catalans\u00bb, a c\u00e0rrec de Joan Pujolar.<\/p>\n<p>15.30 \u2013 17.00 h Taula rodona. Joves, mitjans de comunicaci\u00f3 i consum cultural (II): televisi\u00f3 i Internet, a c\u00e0rrec de Pep Blay (diversos mitjans) i Ra\u00fcl Tidor i Oriol Grau (Televisi\u00f3 de Catalunya).<\/p>\n<p>17.00 \u2013 18.00 h Conclusions i cloenda.\n<\/p><\/blockquote>\n","protected":false},"excerpt":{"rendered":"<p>Xavier Rull ens envia a trav\u00e9s d&#8217;Infoz\u00e8fir la informaci\u00f3 seg\u00fcent: Jornada \u00abEl catal\u00e0 mola? Compet\u00e8ncies, representacions i usos de la llengua en l\u2019\u00e0mbit juvenil\u00bb Dies: 11 i 12 de novembre del 2010 Lloc: Palau de Fires i Congressos de Tarragona Es tracta d\u2019una trobada que t\u00e9 com a objectiu exposar experi\u00e8ncies reeixides i de donar [&hellip;]<\/p>\n","protected":false},"author":2,"featured_media":0,"comment_status":"open","ping_status":"open","sticky":false,"template":"","format":"standard","meta":{"footnotes":""},"categories":[2,10,1,27],"tags":[258,500],"class_list":["post-1692","post","type-post","status-publish","format-standard","hentry","category-comunicacio","category-formacio","category-general","category-sociolinguistica","tag-jornades","tag-universitats"],"_links":{"self":[{"href":"https:\/\/www.cdlpv.org\/dtl\/wp-json\/wp\/v2\/posts\/1692","targetHints":{"allow":["GET"]}}],"collection":[{"href":"https:\/\/www.cdlpv.org\/dtl\/wp-json\/wp\/v2\/posts"}],"about":[{"href":"https:\/\/www.cdlpv.org\/dtl\/wp-json\/wp\/v2\/types\/post"}],"author":[{"embeddable":true,"href":"https:\/\/www.cdlpv.org\/dtl\/wp-json\/wp\/v2\/users\/2"}],"replies":[{"embeddable":true,"href":"https:\/\/www.cdlpv.org\/dtl\/wp-json\/wp\/v2\/comments?post=1692"}],"version-history":[{"count":0,"href":"https:\/\/www.cdlpv.org\/dtl\/wp-json\/wp\/v2\/posts\/1692\/revisions"}],"wp:attachment":[{"href":"https:\/\/www.cdlpv.org\/dtl\/wp-json\/wp\/v2\/media?parent=1692"}],"wp:term":[{"taxonomy":"category","embeddable":true,"href":"https:\/\/www.cdlpv.org\/dtl\/wp-json\/wp\/v2\/categories?post=1692"},{"taxonomy":"post_tag","embeddable":true,"href":"https:\/\/www.cdlpv.org\/dtl\/wp-json\/wp\/v2\/tags?post=1692"}],"curies":[{"name":"wp","href":"https:\/\/api.w.org\/{rel}","templated":true}]}}