{"id":1689,"date":"2010-08-31T11:43:49","date_gmt":"2010-08-31T10:43:49","guid":{"rendered":"http:\/\/www.cdlpv.org\/dtl\/?p=1689"},"modified":"2010-08-31T11:43:49","modified_gmt":"2010-08-31T10:43:49","slug":"el-catala-a-perpinya","status":"publish","type":"post","link":"https:\/\/www.cdlpv.org\/dtl\/2010\/08\/31\/el-catala-a-perpinya\/","title":{"rendered":"El catal\u00e0 a Perpiny\u00e0"},"content":{"rendered":"<p>Xavier Rull ens envia a trav\u00e9s d&#8217;Infoz\u00e8fir la informaci\u00f3 seg\u00fcent:<\/p>\n<blockquote>\n<h2>L&#8217;Ajuntament de Perpiny\u00e0 proclama el catal\u00e0 llengua cooficial juntament amb el franc\u00e8s<\/h3>\n<p>El catal\u00e0 ja \u00e9s llengua cooficial amb el franc\u00e8s a l&#8217;Ajuntament de Perpiny\u00e0. Ho ha decidit el ple municipal de la ciutat per unanimitat. La decisi\u00f3 t\u00e9 l&#8217;objectiu de garantir la perviv\u00e8ncia i la transmissi\u00f3 de la llengua catalana, i assegurar la seva pres\u00e8ncia en els diversos camps de la vida p\u00fablica i social de Perpiny\u00e0. Ara els grups que defensen la llengua a la Catalunya del Nord volen que l&#8217;acord no es quedi en paper mullat.<\/p>\n<p>Per unanimitat, el consistori de Perpiny\u00e0 ha aprovat la Carta municipal per a la llengua catalana, que reconeix el catal\u00e0 com a llengua cooficial de la ciutat. La carta, que s&#8217;empara en diversos textos internacionals i en la Constituci\u00f3 francesa, vol garantir el futur de la llengua.<\/p>\n<p>Jean-Marc Pujol, l&#8217;alcalde de Perpiny\u00e0, assegura que la decisi\u00f3 \u00abpret\u00e9n explicar al conjunt de la poblaci\u00f3 que tenim una identitat catalana, que n&#8217;estem orgullosos i que la volem promoure\u00bb.<\/p>\n<p>El pr\u00f2xim objectiu de l&#8217;Ajuntament \u00e9s que la Carta municipal per a la llengua catalana sigui tamb\u00e9 adoptada i aplicada pels 25 municipis que integren la mancomunitat de municipis de Perpiny\u00e0.<\/p>\n<p>Comen\u00e7ada fa 17 anys amb la retolaci\u00f3 dels carrers, la pol\u00edtica ling\u00fc\u00edstica de l&#8217;Ajuntament de Perpiny\u00e0 s&#8217;ha anat desenvolupant, sobretot en l&#8217;\u00e0mbit cultural i educatiu. Una pol\u00edtica que, segons l&#8217;alcalde, ja ha donat bons resultats i que continuar\u00e0.<\/p>\n<p>Font: 3cat24.cat <a href=\"http:\/\/www.3cat24.cat\/noticia\/718785\/catalunyanord\/LAjuntament-de-Perpinya-proclama-el-catala-llengua-cooficial-juntament-amb-el-frances\" target=\"_blank\">(11-6-2010)<\/a>\n<\/p><\/blockquote>\n","protected":false},"excerpt":{"rendered":"<p>Xavier Rull ens envia a trav\u00e9s d&#8217;Infoz\u00e8fir la informaci\u00f3 seg\u00fcent: L&#8217;Ajuntament de Perpiny\u00e0 proclama el catal\u00e0 llengua cooficial juntament amb el franc\u00e8s El catal\u00e0 ja \u00e9s llengua cooficial amb el franc\u00e8s a l&#8217;Ajuntament de Perpiny\u00e0. Ho ha decidit el ple municipal de la ciutat per unanimitat. La decisi\u00f3 t\u00e9 l&#8217;objectiu de garantir la perviv\u00e8ncia i [&hellip;]<\/p>\n","protected":false},"author":2,"featured_media":0,"comment_status":"open","ping_status":"open","sticky":false,"template":"","format":"standard","meta":{"footnotes":""},"categories":[4,1,27,35],"tags":[50,288,335],"class_list":["post-1689","post","type-post","status-publish","format-standard","hentry","category-dret","category-general","category-sociolinguistica","category-unio-europea","tag-administracio-local","tag-llengues-oficials","tag-oficialitat"],"_links":{"self":[{"href":"https:\/\/www.cdlpv.org\/dtl\/wp-json\/wp\/v2\/posts\/1689","targetHints":{"allow":["GET"]}}],"collection":[{"href":"https:\/\/www.cdlpv.org\/dtl\/wp-json\/wp\/v2\/posts"}],"about":[{"href":"https:\/\/www.cdlpv.org\/dtl\/wp-json\/wp\/v2\/types\/post"}],"author":[{"embeddable":true,"href":"https:\/\/www.cdlpv.org\/dtl\/wp-json\/wp\/v2\/users\/2"}],"replies":[{"embeddable":true,"href":"https:\/\/www.cdlpv.org\/dtl\/wp-json\/wp\/v2\/comments?post=1689"}],"version-history":[{"count":0,"href":"https:\/\/www.cdlpv.org\/dtl\/wp-json\/wp\/v2\/posts\/1689\/revisions"}],"wp:attachment":[{"href":"https:\/\/www.cdlpv.org\/dtl\/wp-json\/wp\/v2\/media?parent=1689"}],"wp:term":[{"taxonomy":"category","embeddable":true,"href":"https:\/\/www.cdlpv.org\/dtl\/wp-json\/wp\/v2\/categories?post=1689"},{"taxonomy":"post_tag","embeddable":true,"href":"https:\/\/www.cdlpv.org\/dtl\/wp-json\/wp\/v2\/tags?post=1689"}],"curies":[{"name":"wp","href":"https:\/\/api.w.org\/{rel}","templated":true}]}}