{"id":1682,"date":"2010-07-20T13:13:25","date_gmt":"2010-07-20T12:13:25","guid":{"rendered":"http:\/\/www.cdlpv.org\/dtl\/?p=1682"},"modified":"2010-07-20T13:13:25","modified_gmt":"2010-07-20T12:13:25","slug":"petita-cronologia-actual-contra-lus-del-valencia","status":"publish","type":"post","link":"https:\/\/www.cdlpv.org\/dtl\/2010\/07\/20\/petita-cronologia-actual-contra-lus-del-valencia\/","title":{"rendered":"Petita cronologia actual contra l&#8217;\u00fas del valenci\u00e0"},"content":{"rendered":"<p>El diari <em>El Pa\u00eds<\/em> <a href=\"http:\/\/www.elpais.com\/articulo\/Comunidad\/Valenciana\/devaluacion\/valenciano\/elpepiespval\/20100705elpval_5\/Tes\" target=\"_blank\">(05.07.2010)<\/a> ens ofer\u00ed fa unes setmanes una panor\u00e0mica sobre la \u00abdevaluaci\u00f3 del valenci\u00e0\u00bb, segons dien, amb un t\u00edtol poc afortunat, ja que no \u00e9s devalua el valenci\u00e0, sin\u00f3 l&#8217;exerici democr\u00e0tic dels drets ling\u00fc\u00edstics i a l&#8217;educaci\u00f3 dels ciutadans valencians. N&#8217;extraiem la cronologia indicativa que oferien:<\/p>\n<blockquote>\n<h2>Del comprom\u00eds en l&#8217;\u00fas del valenci\u00e0 al veto al requisit ling\u00fc\u00edstic<\/h2>\n<ul>\n<li><strong>12 d&#8217;abril de 2003.<\/strong> Francisco Camps promet: \u00abNo donar\u00e9 un pas arrere\u00bb en l&#8217;\u00fas del valenci\u00e0.\n<li><strong>20 de novembre de 2003.<\/strong> La Acad\u00e8mia Valenciana de la Llengua (<span class=\"versaleta\">avl<\/span>) alerta que \u00abla salut del valenci\u00e0 \u00e9s prec\u00e0ria\u00bb i demana un major impuls als 20 anys de la Llei d&#8217;\u00fas i ensenyament <span class=\"versaleta\">(luev)<\/span>.\n<li><strong>25 de novembre de 2004.<\/strong> Camps du el conflicte ling\u00fc\u00edstic a les Corts en vespres del memor\u00e0ndum de la Uni\u00f3 Europea que reconeix la llengua.\n<li><strong>25 d&#8217;octubre de 2005.<\/strong> L&#8217;<span class=\"versaleta\">avl<\/span> apressa a signar un \u00abnou pacte c\u00edvic\u00bb davant la reculada del valenci\u00e0.\n<li><strong>18 de setembre de 2007.<\/strong> Als 25 anys de la <span class=\"versaleta\">luev<\/span>, Escola Valenciana torna a demanar que es cataloguen les places docents de secund\u00e0ria.\n<li><strong>5 de mar\u00e7 de 2008.<\/strong> El Tribunal Superior de Just\u00edcia <span class=\"versaleta\">(tsj)<\/span> jutja si el Consell vulnera el dret a estudiar en valenci\u00e0, despr\u00e9s d&#8217;una den\u00fancia d&#8217;Escola.\n<li><strong>15 de mar\u00e7 de 2009.<\/strong> Trencades les negociacions amb la Plataforma per l&#8217;Ensenyament P\u00fablic, el conseller Alejandro Font de Mora renuncia en p\u00fablic a la catalogaci\u00f3 de places.\n<li><strong>27 de mar\u00e7 de 2009.<\/strong> El Consell de Camps veta un acte d&#8217;Escola Valenciana en la Biblioteca Sant Miquel dels Reis hores abans de comen\u00e7ar.\n<li><strong>Juliol de 2009.<\/strong> Una sent\u00e8ncia del Tribunal Superior de Just\u00edcia qualifica l&#8217;actitud del Consell de \u00abtemer\u00e0ria\u00bb davant els incompliments d&#8217;una trentena de sent\u00e8ncies que reconeixen el t\u00edtol de filologia catalana.\n<li><strong>21 de juny de 2010.<\/strong> Un esborrany d&#8217;Educaci\u00f3 dificulta el valenci\u00e0 en els centres castellanoparlants.\n<li><strong>29 de juny de 2010.<\/strong> El PP vota en contra de les esmenes de l&#8217;oposici\u00f3 per a exigir el requisit ling\u00fc\u00edstic en l&#8217;administraci\u00f3 valenciana\n<\/ul>\n<\/blockquote>\n<p>Una data que la periodista Neus Caballer no ha tingut en compte i que algun dia caldr\u00e0 caldr\u00e0 comprovar quin sentit tenia: el 24 de novembre de l&#8217;any passat Font de Mora anuncia una plataforma de traducci\u00f3 de documents&#8230; Ah, s\u00ed, i es signa un protocol entre la Conselleria d&#8217;Educaci\u00f3 de Font de Mora, l&#8217;<span class=\"versaleta\">avl<\/span> i 61 entitats locals (entre les quals no hi havia Alboraia, supose, on el Partit Popular acabava de suprimir el servei ling\u00fc\u00edstic).<\/p>\n","protected":false},"excerpt":{"rendered":"<p>El diari El Pa\u00eds (05.07.2010) ens ofer\u00ed fa unes setmanes una panor\u00e0mica sobre la \u00abdevaluaci\u00f3 del valenci\u00e0\u00bb, segons dien, amb un t\u00edtol poc afortunat, ja que no \u00e9s devalua el valenci\u00e0, sin\u00f3 l&#8217;exerici democr\u00e0tic dels drets ling\u00fc\u00edstics i a l&#8217;educaci\u00f3 dels ciutadans valencians. N&#8217;extraiem la cronologia indicativa que oferien: Del comprom\u00eds en l&#8217;\u00fas del valenci\u00e0 [&hellip;]<\/p>\n","protected":false},"author":2,"featured_media":0,"comment_status":"open","ping_status":"open","sticky":false,"template":"","format":"standard","meta":{"footnotes":""},"categories":[36,4,1,47,19,24],"tags":[224,390],"class_list":["post-1682","post","type-post","status-publish","format-standard","hentry","category-allofobia","category-dret","category-general","category-planificacio","category-politica","category-requisit-linguistic","tag-generalitat-valenciana","tag-protocol"],"_links":{"self":[{"href":"https:\/\/www.cdlpv.org\/dtl\/wp-json\/wp\/v2\/posts\/1682","targetHints":{"allow":["GET"]}}],"collection":[{"href":"https:\/\/www.cdlpv.org\/dtl\/wp-json\/wp\/v2\/posts"}],"about":[{"href":"https:\/\/www.cdlpv.org\/dtl\/wp-json\/wp\/v2\/types\/post"}],"author":[{"embeddable":true,"href":"https:\/\/www.cdlpv.org\/dtl\/wp-json\/wp\/v2\/users\/2"}],"replies":[{"embeddable":true,"href":"https:\/\/www.cdlpv.org\/dtl\/wp-json\/wp\/v2\/comments?post=1682"}],"version-history":[{"count":0,"href":"https:\/\/www.cdlpv.org\/dtl\/wp-json\/wp\/v2\/posts\/1682\/revisions"}],"wp:attachment":[{"href":"https:\/\/www.cdlpv.org\/dtl\/wp-json\/wp\/v2\/media?parent=1682"}],"wp:term":[{"taxonomy":"category","embeddable":true,"href":"https:\/\/www.cdlpv.org\/dtl\/wp-json\/wp\/v2\/categories?post=1682"},{"taxonomy":"post_tag","embeddable":true,"href":"https:\/\/www.cdlpv.org\/dtl\/wp-json\/wp\/v2\/tags?post=1682"}],"curies":[{"name":"wp","href":"https:\/\/api.w.org\/{rel}","templated":true}]}}