{"id":1674,"date":"2010-07-16T13:13:08","date_gmt":"2010-07-16T12:13:08","guid":{"rendered":"http:\/\/www.cdlpv.org\/dtl\/?p=1674"},"modified":"2010-07-16T13:13:08","modified_gmt":"2010-07-16T12:13:08","slug":"el-repetidor-de-la-perenxisa-continuara-obert","status":"publish","type":"post","link":"https:\/\/www.cdlpv.org\/dtl\/2010\/07\/16\/el-repetidor-de-la-perenxisa-continuara-obert\/","title":{"rendered":"El repetidor de la Perenxisa continuar\u00e0 obert"},"content":{"rendered":"<p>Acci\u00f3 Cultural del Pa\u00eds Valenci\u00e0 ha fet p\u00fablica una <a href=\"http:\/\/acpv.cat\/php\/noticia.php?id_noti=1100&#038;sessio=\" target=\"_blank\">nota de premsa<\/a> amb la informaci\u00f3 seg\u00fcent:<\/p>\n<blockquote>\n<h2>El Jutjat Contenci\u00f3s Administratiu n\u00fam. 5 de Val\u00e8ncia denega a la Generalitat l\u2019autoritzaci\u00f3 per tancar el repetidor de Perenxisa<\/h2>\n<p>L\u2019\u00f2rgan encarregat de resoldre sobre l\u2019ordre de tancament i precinte que la Generalitat Valenciana intenta executar for\u00e7osament al repetidor de <span class=\"versaleta\">tv3<\/span> de Serra Perenxisa, ha denegat l\u2019autoritzaci\u00f3 per accedir a les insta&#320;lacions i precintar-les<\/p>\n<p>L\u2019\u00f2rgan judicial basa la seua decisi\u00f3 en el fet que Acci\u00f3 Cultural del Pa\u00eds Valenci\u00e0 ha recorregut judicialment la sanci\u00f3 i l\u2019ordre de tancament que s\u2019intentava executar, de tal manera que el plet, que es tramita al Tribunal Superior de Just\u00edcia, encara no ha concl\u00f2s.<\/p>\n<p>Segons aquest Jutjat, de tancar-se ara el repetidor per la via de l\u2019execuci\u00f3 for\u00e7osa es vulneraria el dret a la tutela judicial efectiva d\u2019ACPV, perqu\u00e8 no tindria sentit discutir en el plet principal la legalitat o i&#320;legalitat d\u2019una sanci\u00f3 que ja s\u2019hauria executat. En aquestes circumst\u00e0ncies i, tenint en compte que hi ha llibertats i drets fonamentals en joc, el Jutjat denega la so&#320;licitud a l\u2019espera de la resoluci\u00f3 sobre la q\u00fcesti\u00f3 de fons.<\/p>\n<p>Aquesta resoluci\u00f3 no \u00e9s ferma i es pot rec\u00f3rrer davant el Tribunal Superior de Just\u00edcia. En tot cas, i encara que la Generalitat de bon segur interposar\u00e0 el recurs, no \u00e9s previsible que aquest es resolga abans de tres mesos, la qual cosa d\u00f3na una mica d\u2019oxigen a les emissions des de Perenxisa, les quals cobreixen la ciutat de Val\u00e8ncia i l\u2019Horta.<\/p>\n<p>Recordem que \u00e9s la quarta resoluci\u00f3 judicial contr\u00e0ria al tancament dels repetidors de TV3 i denegat\u00f2ria de l\u2019autoritzaci\u00f3 a la Generalitat Valenciana. En aquest mateix sentit es van <a href=\"http:\/\/www.cdlpv.org\/dtl\/wp-content\/monduber-tv3\/monduber.htm\" target=\"_blank\">pronunciar<\/a> el Jutjat Contenci\u00f3s n\u00fam. 2 de Val\u00e8ncia respecte el repetidor del Montd\u00faver (Safor) i el Jutjat Contenci\u00f3s n\u00fam. 1 de Castell\u00f3 respecte el repetidor del Bartolo (la Plana) i tamb\u00e9 aquest mateix Jutjat n\u00fam. 5 de Val\u00e8ncia respecte a Perenxisa quan el tancament s\u2019imposava com a mesura provisional.\n<\/p><\/blockquote>\n<p>Es tracta, doncs, del mateix jutjat que va adoptar una decisi\u00f3 semblant l&#8217;any 2008 (veg. <span class=\"versaleta\"><em>dtl<\/em><\/span>, <a href=\"http:\/\/www.cdlpv.org\/dtl\/?p=546\" target=\"_blank\">23.10.2008<\/a>), jutjat on pot ser que valoren m\u00e9s del que ho fa la Generalitat valenciana els arguments de la <a href=\"http:\/\/www.cdlpv.org\/dtl\/wp-content\/monduber-tv3\/monduber.htm\" target=\"_blank\">interlocut\u00f2ria<\/a> que va dictar Estrella Blanes Rodr\u00edguez, magistrada jutgessa titular del Jutjat Contenci\u00f3s Administratiu n\u00famero 2 de Val\u00e8ncia en desembre del 2007.<\/p>\n","protected":false},"excerpt":{"rendered":"<p>Acci\u00f3 Cultural del Pa\u00eds Valenci\u00e0 ha fet p\u00fablica una nota de premsa amb la informaci\u00f3 seg\u00fcent: El Jutjat Contenci\u00f3s Administratiu n\u00fam. 5 de Val\u00e8ncia denega a la Generalitat l\u2019autoritzaci\u00f3 per tancar el repetidor de Perenxisa L\u2019\u00f2rgan encarregat de resoldre sobre l\u2019ordre de tancament i precinte que la Generalitat Valenciana intenta executar for\u00e7osament al repetidor de [&hellip;]<\/p>\n","protected":false},"author":2,"featured_media":0,"comment_status":"open","ping_status":"open","sticky":false,"template":"","format":"standard","meta":{"footnotes":""},"categories":[2,1,34],"tags":[100,266],"class_list":["post-1674","post","type-post","status-publish","format-standard","hentry","category-comunicacio","category-general","category-tv3","tag-censura","tag-jutjats"],"_links":{"self":[{"href":"https:\/\/www.cdlpv.org\/dtl\/wp-json\/wp\/v2\/posts\/1674","targetHints":{"allow":["GET"]}}],"collection":[{"href":"https:\/\/www.cdlpv.org\/dtl\/wp-json\/wp\/v2\/posts"}],"about":[{"href":"https:\/\/www.cdlpv.org\/dtl\/wp-json\/wp\/v2\/types\/post"}],"author":[{"embeddable":true,"href":"https:\/\/www.cdlpv.org\/dtl\/wp-json\/wp\/v2\/users\/2"}],"replies":[{"embeddable":true,"href":"https:\/\/www.cdlpv.org\/dtl\/wp-json\/wp\/v2\/comments?post=1674"}],"version-history":[{"count":0,"href":"https:\/\/www.cdlpv.org\/dtl\/wp-json\/wp\/v2\/posts\/1674\/revisions"}],"wp:attachment":[{"href":"https:\/\/www.cdlpv.org\/dtl\/wp-json\/wp\/v2\/media?parent=1674"}],"wp:term":[{"taxonomy":"category","embeddable":true,"href":"https:\/\/www.cdlpv.org\/dtl\/wp-json\/wp\/v2\/categories?post=1674"},{"taxonomy":"post_tag","embeddable":true,"href":"https:\/\/www.cdlpv.org\/dtl\/wp-json\/wp\/v2\/tags?post=1674"}],"curies":[{"name":"wp","href":"https:\/\/api.w.org\/{rel}","templated":true}]}}