{"id":1671,"date":"2010-07-16T12:51:06","date_gmt":"2010-07-16T11:51:06","guid":{"rendered":"http:\/\/www.cdlpv.org\/dtl\/?p=1671"},"modified":"2010-07-16T12:51:06","modified_gmt":"2010-07-16T11:51:06","slug":"borsa-de-treball-de-correccio-i-traduccio","status":"publish","type":"post","link":"https:\/\/www.cdlpv.org\/dtl\/2010\/07\/16\/borsa-de-treball-de-correccio-i-traduccio\/","title":{"rendered":"Borsa de treball de correcci\u00f3 i traducci\u00f3"},"content":{"rendered":"<p>Marta Torres Vilatarsana ens envia a trav\u00e9s d&#8217;Infoz\u00e8fir la informaci\u00f3 seg\u00fcent:<\/p>\n<blockquote><p>\nL&#8217;empresa de correcci\u00f3 i traducci\u00f3 en creaci\u00f3 <a href=\"correcte.cat\" target=\"_blank\">Correcte.cat<\/a> t\u00e9 inter\u00e8s a rebre curr\u00edculums de persones que es dediquin professionalment a corregir i traduir com a co&#320;laboradors externs. Si voleu formar part de la borsa de co&#320;laboradors de correcte.cat, cal que envieu el vostre curr\u00edculum a <a href=\"mailto:correcte@correcte.cat\" target=\"_blank\"><em>correcte@correcte.cat<\/em><\/a>, fent-hi constar les dades seg\u00fcents:<\/p>\n<blockquote><p>\nDades personals i de contacte<br \/>\nFormaci\u00f3 acad\u00e8mica<br \/>\nLlengua materna<br \/>\nIdiomes que corregiu<br \/>\nIdiomes cap als quals i des dels quals tradu\u00efu<br \/>\nTipus de documents amb els quals esteu avesats a treballar (tem\u00e0tica, mat\u00e8ria, l\u00e8xic que domineu)<br \/>\nProgrames que useu habitualment<br \/>\nExperi\u00e8ncia demostrable<br \/>\nAltres dades que us semblin rellevants\n<\/p><\/blockquote>\n<p>El curr\u00edculum ha d&#8217;anar acompanyat d&#8217;una carta de presentaci\u00f3.<\/p>\n<p>Font: Sus Mart\u00ed\n<\/p><\/blockquote>\n","protected":false},"excerpt":{"rendered":"<p>Marta Torres Vilatarsana ens envia a trav\u00e9s d&#8217;Infoz\u00e8fir la informaci\u00f3 seg\u00fcent: L&#8217;empresa de correcci\u00f3 i traducci\u00f3 en creaci\u00f3 Correcte.cat t\u00e9 inter\u00e8s a rebre curr\u00edculums de persones que es dediquin professionalment a corregir i traduir com a co&#320;laboradors externs. Si voleu formar part de la borsa de co&#320;laboradors de correcte.cat, cal que envieu el vostre curr\u00edculum [&hellip;]<\/p>\n","protected":false},"author":2,"featured_media":0,"comment_status":"open","ping_status":"open","sticky":false,"template":"","format":"standard","meta":{"footnotes":""},"categories":[43,7,1,15,26],"tags":[122,477],"class_list":["post-1671","post","type-post","status-publish","format-standard","hentry","category-concursos","category-empreses","category-general","category-laboral","category-serveis-linguistics","tag-correccio","tag-traduccio"],"_links":{"self":[{"href":"https:\/\/www.cdlpv.org\/dtl\/wp-json\/wp\/v2\/posts\/1671","targetHints":{"allow":["GET"]}}],"collection":[{"href":"https:\/\/www.cdlpv.org\/dtl\/wp-json\/wp\/v2\/posts"}],"about":[{"href":"https:\/\/www.cdlpv.org\/dtl\/wp-json\/wp\/v2\/types\/post"}],"author":[{"embeddable":true,"href":"https:\/\/www.cdlpv.org\/dtl\/wp-json\/wp\/v2\/users\/2"}],"replies":[{"embeddable":true,"href":"https:\/\/www.cdlpv.org\/dtl\/wp-json\/wp\/v2\/comments?post=1671"}],"version-history":[{"count":0,"href":"https:\/\/www.cdlpv.org\/dtl\/wp-json\/wp\/v2\/posts\/1671\/revisions"}],"wp:attachment":[{"href":"https:\/\/www.cdlpv.org\/dtl\/wp-json\/wp\/v2\/media?parent=1671"}],"wp:term":[{"taxonomy":"category","embeddable":true,"href":"https:\/\/www.cdlpv.org\/dtl\/wp-json\/wp\/v2\/categories?post=1671"},{"taxonomy":"post_tag","embeddable":true,"href":"https:\/\/www.cdlpv.org\/dtl\/wp-json\/wp\/v2\/tags?post=1671"}],"curies":[{"name":"wp","href":"https:\/\/api.w.org\/{rel}","templated":true}]}}