{"id":167,"date":"2007-08-28T18:03:26","date_gmt":"2007-08-28T17:03:26","guid":{"rendered":"http:\/\/www.cdlpv.org\/dtl\/?p=167"},"modified":"2007-08-28T18:03:26","modified_gmt":"2007-08-28T17:03:26","slug":"lincansable-francesc-ferrer-i-girones","status":"publish","type":"post","link":"https:\/\/www.cdlpv.org\/dtl\/2007\/08\/28\/lincansable-francesc-ferrer-i-girones\/","title":{"rendered":"L&#8217;incansable Francesc Ferrer i Giron\u00e8s"},"content":{"rendered":"<p>Hi ha persones, com Francesc Ferrer i Giron\u00e8s, que no moren, sin\u00f3 que treballen des d&#8217;una altra \u00abinst\u00e0ncia\u00bb social m\u00e9s alta.<\/p>\n<p>Segons recull el web de Francesc Ferrer i Giron\u00e8s (<a href=\"http:\/\/www.francescferrer.net\/pub\/cat\/redaccio\/notis-detall.asp?Item=1543&#038;seccio=Noticies\" target=\"_blank\">18.08.2007<\/a>):<\/p>\n<blockquote>\n<h3>FINALMENT, AHIR, 17 D&#8217;AGOST DEL 2007, EL JUTJAT DE PAU DE SALT AL GIRON\u00c8S ENS HA INFORMAT QUE LA INSCRIPCI\u00d3 DE LA DEFUNCI\u00d3 D&#8217;EN FRANCESC FERRER I GIRON\u00c8S S&#8217;HA FET EN CATAL\u00c0.<\/h3>\n<h5>18\/08\/2007<\/h5>\n<blockquote><p>\n&#8230;\/&#8230;<br \/>\nHem de ser conscients dels nostres drets i tenir voluntat per reclamar-los. Hem de ser fidels a la nostra llengua, com un acte m\u00e9s de la nostra autodeterminaci\u00f3 nacional. Si la llengua castellana ha estat imposada, d&#8217;entrada com un senyal de dominaci\u00f3 i ara ens la volen encolomar com un punt de trobada, hem de ser prou conscients, i prou forts, com per ser insubmissos ling\u00fc\u00edstics, amb la finalitat d&#8217;assolir tamb\u00e9 la nostra llibertat pol\u00edtica i la nostra independ\u00e8ncia cultural.<br \/>\n&#8230;\/&#8230;<\/p>\n<div align=\"right\">Francesc Ferrer i Giron\u00e8s &#8211; Discurs al Palau de la M\u00fasica en motiu del lliurament dels Premis d&#8217;Honor de les Lletres Catalanes el 31 de maig del 2001<\/div>\n<\/blockquote>\n<p>Val a dir que el proc\u00e9s per aconseguir la inscripci\u00f3 en llengua catalana, tal i com permet la llei actual, ha estat llarga i laboriosa. Tot plegat ha durat un any i mig des de la seva mort.<\/p>\n<p>De tota manera, de moment l&#8217;\u00fanica cosa que s&#8217;ha pogut fer en catal\u00e0 \u00e9s la inscripci\u00f3, \u00e9s a dir les dades que s&#8217;hi han fet constar, ja que la matriu del certificat del Ministerio de Justicia es \u00fanica i exclusivament en castell\u00e0.<\/p>\n<p>El jutjat de Pau ens ha informat que m\u00e9s endavant, quan tingui lloc el proc\u00e9s d&#8217; informatitzaci\u00f3 del registre, tota la informaci\u00f3 del certificat es podr\u00e0 tenir en la llengua pr\u00f2pia de Catalunya.<\/p>\n<p><strong>RESUM DEL PROC\u00c9S:<\/strong><\/p>\n<p>&#8211; Tot va comen\u00e7ar quan el 28 de febrer del 2006, la fam\u00edlia va sol\u00b7licitar anul\u00b7lar la inscripci\u00f3 per defectes formals d&#8217;acord amb la llei vigent, ja que en cap moment no s&#8217;havia manifestat la voluntat de fer aquesta inscripci\u00f3 en llengua castellana.<\/p>\n<p>&#8211; El 10 d&#8217;abril del 2006 ens arriba la resposta del Registre Civil de Girona, dient que aix\u00f2 no ser\u00e0 possible fins que tingui lloc la informatitzaci\u00f3 del Registre corresponent.<\/p>\n<p>&#8211; El 2 de maig del 2006, la fam\u00edlia interposa un recurs d&#8217;apel.laci\u00f3 contra la interlocut\u00f2ria del 10.04.06 de Registre Civil de Girona, dirigit a la Direcci\u00f3n General de Registros y del Notariado.<\/p>\n<p>&#8211; El 22 de febrer del 2007, la Direcci\u00f3n General de Registros y del Notariado estima el recurs, ordenant incoar un expedient governatiu amb l&#8217;objectiu de fer la inscripci\u00f3 en llengua catalana.<\/p>\n<p>&#8211; El 19 d&#8217;abril el Registre Civil de Girona, es posa en contacte amb la fam\u00edlia demanant una compareixen\u00e7a i l&#8217;aportaci\u00f3 de tota la documentaci\u00f3 referent al cas, de la que ells ja disposaven.<\/p>\n<p>&#8211; El 10 de maig el Registre Civil de Girona, d\u00f3na el seu acord per la inscripci\u00f3 en catal\u00e0 i informa que lliurar\u00e0 la instrucci\u00f3 corresponent al Registre Civil de Salt.<\/p>\n<p>&#8211; El 17 d&#8217;agost, el Registre Civil de Salt en comunica doncs d&#8217;aquesta nova inscripci\u00f3.<\/p>\n<p><strong>LA FAM\u00cdLIA DES D&#8217;AQU\u00cd VOLEM MANIFESTAR:<\/strong><\/p>\n<p>&#8211; EL NOSTRE RECONEIXEMENT A TOTES LES PERSONES QUE ENS HAN FET COSTAT EN AQUEST PROC\u00c9S I QUE S&#8217;HAN INTERESSAT PER UNA Q\u00dcESTI\u00d3 TAN B\u00c0SICA COM AQUESTA.<\/p>\n<p>&#8211; LA TOSSUDERIA QUE CAL TENIR, PER TIRAR ENDAVANT EL QUE \u00c9S DE LLEI. ANIMEM A TOTHOM A RECLAMAR ELS SEUS DRETS LING\u00dc\u00cdSTICS, SEMPRE DAVANT DE QUALSEVOL ADMINISTRACI\u00d3.\n<\/p><\/blockquote>\n","protected":false},"excerpt":{"rendered":"<p>Hi ha persones, com Francesc Ferrer i Giron\u00e8s, que no moren, sin\u00f3 que treballen des d&#8217;una altra \u00abinst\u00e0ncia\u00bb social m\u00e9s alta. Segons recull el web de Francesc Ferrer i Giron\u00e8s (18.08.2007): FINALMENT, AHIR, 17 D&#8217;AGOST DEL 2007, EL JUTJAT DE PAU DE SALT AL GIRON\u00c8S ENS HA INFORMAT QUE LA INSCRIPCI\u00d3 DE LA DEFUNCI\u00d3 D&#8217;EN [&hellip;]<\/p>\n","protected":false},"author":2,"featured_media":0,"comment_status":"open","ping_status":"open","sticky":false,"template":"","format":"standard","meta":{"footnotes":""},"categories":[4,1,47,24],"tags":[],"class_list":["post-167","post","type-post","status-publish","format-standard","hentry","category-dret","category-general","category-planificacio","category-requisit-linguistic"],"_links":{"self":[{"href":"https:\/\/www.cdlpv.org\/dtl\/wp-json\/wp\/v2\/posts\/167","targetHints":{"allow":["GET"]}}],"collection":[{"href":"https:\/\/www.cdlpv.org\/dtl\/wp-json\/wp\/v2\/posts"}],"about":[{"href":"https:\/\/www.cdlpv.org\/dtl\/wp-json\/wp\/v2\/types\/post"}],"author":[{"embeddable":true,"href":"https:\/\/www.cdlpv.org\/dtl\/wp-json\/wp\/v2\/users\/2"}],"replies":[{"embeddable":true,"href":"https:\/\/www.cdlpv.org\/dtl\/wp-json\/wp\/v2\/comments?post=167"}],"version-history":[{"count":0,"href":"https:\/\/www.cdlpv.org\/dtl\/wp-json\/wp\/v2\/posts\/167\/revisions"}],"wp:attachment":[{"href":"https:\/\/www.cdlpv.org\/dtl\/wp-json\/wp\/v2\/media?parent=167"}],"wp:term":[{"taxonomy":"category","embeddable":true,"href":"https:\/\/www.cdlpv.org\/dtl\/wp-json\/wp\/v2\/categories?post=167"},{"taxonomy":"post_tag","embeddable":true,"href":"https:\/\/www.cdlpv.org\/dtl\/wp-json\/wp\/v2\/tags?post=167"}],"curies":[{"name":"wp","href":"https:\/\/api.w.org\/{rel}","templated":true}]}}