{"id":1663,"date":"2010-07-13T11:18:02","date_gmt":"2010-07-13T10:18:02","guid":{"rendered":"http:\/\/www.cdlpv.org\/dtl\/?p=1663"},"modified":"2010-07-13T11:18:02","modified_gmt":"2010-07-13T10:18:02","slug":"el-video-de-lultima-classe-de-joan-sola-cortassa","status":"publish","type":"post","link":"https:\/\/www.cdlpv.org\/dtl\/2010\/07\/13\/el-video-de-lultima-classe-de-joan-sola-cortassa\/","title":{"rendered":"El v\u00eddeo de l&#8217;\u00faltima classe de Joan Sol\u00e0 Cortassa"},"content":{"rendered":"<p>Per completar la informaci\u00f3 sobre l&#8217;\u00faltima classe de Joan Sol\u00e0 Cortassa, podem vore-la en <a href=\"http:\/\/audiovisuals.ub.es\/cgi-bin\/visor.cgi?G_FITXER=AUCAVI&#038;G_CODI=01506&#038;media_id=d3848c919af229a0b054\" target=\"_blank\">v\u00eddeo<\/a> a trav\u00e9s del <a href=\"http:\/\/audiovisuals.ub.es\/cgi-bin\/veurereg.cgi?G_USCODI=38930&#038;G_ENTORN=AUCA&#038;G_CODI=01506\" target=\"_blank\">web<\/a> de la Universitat de Barcelona:<\/p>\n<blockquote><p>\nEl catedr\u00e0tic de Llengua Catalana Joan Sol\u00e0 pronuncia la seva \u00faltima lli\u00e7\u00f3 com a docent, sota el t\u00edtol \u00abConstrucci\u00f3 d&#8217;una sintaxi normativa: criteris. Exemples\u00bb, en el marc el m\u00e0ster d&#8217;Estudis Avan\u00e7ats i Aplicats de Llengua i Literatura Catalanes que imparteixen conjuntament la <span class=\"versaleta\">ub<\/span> i la <span class=\"versaleta\">uab<\/span>. Presenta la pon\u00e8ncia el professor del Departament de Filologia Catalana Llu\u00eds Payrat\u00f3. Joan Sol\u00e0 es jubila enguany, per\u00f2 no abandona l&#8217;activitat universit\u00e0ria ja que prosseguir\u00e0 el seu mestratge a la <span class=\"versaleta\">ub<\/span> en qualitat de professor em\u00e8rit.\n<\/p><\/blockquote>\n","protected":false},"excerpt":{"rendered":"<p>Per completar la informaci\u00f3 sobre l&#8217;\u00faltima classe de Joan Sol\u00e0 Cortassa, podem vore-la en v\u00eddeo a trav\u00e9s del web de la Universitat de Barcelona: El catedr\u00e0tic de Llengua Catalana Joan Sol\u00e0 pronuncia la seva \u00faltima lli\u00e7\u00f3 com a docent, sota el t\u00edtol \u00abConstrucci\u00f3 d&#8217;una sintaxi normativa: criteris. Exemples\u00bb, en el marc el m\u00e0ster d&#8217;Estudis Avan\u00e7ats [&hellip;]<\/p>\n","protected":false},"author":2,"featured_media":0,"comment_status":"open","ping_status":"open","sticky":false,"template":"","format":"standard","meta":{"footnotes":""},"categories":[2,45,10,1,22],"tags":[493,500],"class_list":["post-1663","post","type-post","status-publish","format-standard","hentry","category-comunicacio","category-ensenyament","category-formacio","category-general","category-recerca","tag-universitat-de-barcelona","tag-universitats"],"_links":{"self":[{"href":"https:\/\/www.cdlpv.org\/dtl\/wp-json\/wp\/v2\/posts\/1663","targetHints":{"allow":["GET"]}}],"collection":[{"href":"https:\/\/www.cdlpv.org\/dtl\/wp-json\/wp\/v2\/posts"}],"about":[{"href":"https:\/\/www.cdlpv.org\/dtl\/wp-json\/wp\/v2\/types\/post"}],"author":[{"embeddable":true,"href":"https:\/\/www.cdlpv.org\/dtl\/wp-json\/wp\/v2\/users\/2"}],"replies":[{"embeddable":true,"href":"https:\/\/www.cdlpv.org\/dtl\/wp-json\/wp\/v2\/comments?post=1663"}],"version-history":[{"count":0,"href":"https:\/\/www.cdlpv.org\/dtl\/wp-json\/wp\/v2\/posts\/1663\/revisions"}],"wp:attachment":[{"href":"https:\/\/www.cdlpv.org\/dtl\/wp-json\/wp\/v2\/media?parent=1663"}],"wp:term":[{"taxonomy":"category","embeddable":true,"href":"https:\/\/www.cdlpv.org\/dtl\/wp-json\/wp\/v2\/categories?post=1663"},{"taxonomy":"post_tag","embeddable":true,"href":"https:\/\/www.cdlpv.org\/dtl\/wp-json\/wp\/v2\/tags?post=1663"}],"curies":[{"name":"wp","href":"https:\/\/api.w.org\/{rel}","templated":true}]}}