{"id":166,"date":"2007-08-27T13:30:50","date_gmt":"2007-08-27T12:30:50","guid":{"rendered":"http:\/\/www.cdlpv.org\/dtl\/?p=166"},"modified":"2007-08-27T13:30:50","modified_gmt":"2007-08-27T12:30:50","slug":"la-guardia-civil-i-la-llengua-dondara","status":"publish","type":"post","link":"https:\/\/www.cdlpv.org\/dtl\/2007\/08\/27\/la-guardia-civil-i-la-llengua-dondara\/","title":{"rendered":"La Gu\u00e0rdia Civil i la llengua d&#8217;Ondara"},"content":{"rendered":"<p>La Gu\u00e0rdia Civil va ampliant la seua llista de casos d&#8217;agents prepotents i assetjadors ling\u00fc\u00edstics. Ara un parell d&#8217;agents sensibles per estos temes han anat a topar amb un ind\u00edgena d&#8217;Ondara. Tenint en compte les dades socioling\u00fc\u00edstiques del Pa\u00eds Valenci\u00e0 (i m\u00e9s encara les que es referixen a l&#8217;ensenyament), els agents haurien d&#8217;haver demanat un aut\u00f2graf al regidor Xavi Pons&#8230; Vaja, potser \u00e9s el que van fer, al capdavall.<\/p>\n<p>La not\u00edcia \u00e9s del diari <em>Levante<\/em> (<a href=\"http:\/\/www.levante-emv.com\/secciones\/noticia.jsp?pRef=3635_17_335331__Alacant-concejal-Bloc-Ondara-denuncia-acoso-Guardia-Civil-hablar-valenciano\" target=\"_blank\">27.08.2007<\/a>; l&#8217;hem tradu\u00efda amb l&#8217;ajuda de l&#8217;<a href=\"http:\/\/internostrum.com\" target=\"_blank\">Internostrum<\/a>):<\/p>\n<blockquote>\n<h2>Un regidor del Bloc d&#8217;Ondara denuncia l&#8217;assetjament de la Gu\u00e0rdia Civil per parlar en valenci\u00e0<\/h2>\n<h3>L&#8217;edil Xavi Pons assegura que els agents el multaren sense ra\u00f3 a causa del fet que no va voler adre\u00e7ar-se&#8217;ls en castell\u00e0. El nacionalista advertix que \u00abacudir\u00e0 als tribunals\u00bb<\/h3>\n<h5>C\u00e8sar Palazuelos, Ondara<\/h5>\n<p>El portaveu del grup municipal del Bloc d&#8217;Ondara, Xavi Pons, va denunciar ahir haver-se sentit acorralat per dos agents de la Gu\u00e0rdia Civil per parlar-los en valenci\u00e0. Els fets van tenir lloc a les 16:30 del passat dimecres quan el regidor nacionalista s&#8217;incorporava amb el seu vehicle a la N-332. Els gu\u00e0rdia civils el van parar i despr\u00e9s de comprovar que no duia posat el cintur\u00f3 de seguretat van procedir a posar-li la multa corresponent.<\/p>\n<p>Va ser llavors quan, segons el relat de l&#8217;edil, va passar pel lloc un conegut seu a qui Pons va comentar que \u00abanava sense el cintur\u00f3 i m&#8217;han ca\u00e7at\u00bb despr\u00e9s de preguntar-li l&#8217;amic qu\u00e8 feia amb la benem\u00e8rita. Un comentari al qual un dels agents va apuntar &mdash;els agents s&#8217;expressaven en espanyol&mdash;: \u00abt\u00e9 vost\u00e8 algun problema?\u00bb. Al contestar l&#8217;edil en valenci\u00e0 el mateix agent li assoltar, encara en espanyol: \u00abparle&#8217;m en castell\u00e0!\u00bb. El seu company va afegir: \u00abvost\u00e8 t\u00e9 l&#8217;obligaci\u00f3 de parlar en castell\u00e0 perqu\u00e8 est\u00e0 en Espanya\u00bb.<\/p>\n<p>Arran d&#8217;esta discussi\u00f3 els dos agents es van acostar fins al cotxe patrulla per a agafar el quadern de sancions i pel cam\u00ed Xavi Pons assegura que el van insultar amb el qualificatiu \u00abcateto\u00bb. En tornar un dels gu\u00e0rdia civils li va advertir que \u00abt&#8217;has buscat un problema\u00bb i el va obligar a col\u00b7locar els triangles de seguretat del vehicle. L&#8217;escorcoll dels agents va ser tan exhaustiu que fins i tot van obligar al regidor a desmuntar la cadira de la seua filla per a comprovar que estava homologada.<\/p>\n<p>La indignaci\u00f3 del pol\u00edtic anava <em>in crescendo<\/em> i va augmentar encara m\u00e9s quan els agents van decidir multar Pons amb 1.500 euros per no dur el document acreditatiu de l&#8217;asseguran\u00e7a. Quan li van sol\u00b7licitar el document el regidor nacionalista va mostrar un rebut de pagament. Llavors els agents li van recriminar que havia de disposar del rebut bancari. L&#8217;edil va respondre que el document amb el qual comptava era v\u00e0lid, ja que no havia pagat l&#8217;asseguran\u00e7a a trav\u00e9s del banc.<\/p>\n<p>De fet, fins al lloc va acudir l&#8217;assegurador de Pons qui va defensar davant els gu\u00e0rdia civils que el document era absolutament reglamentari. No van fer cas a cap dels dos i la sanci\u00f3 va ser imposada.<\/p>\n<p><strong>Recurs<\/strong><\/p>\n<p>Hores m\u00e9s tard Pons es va acostar fins a la caserna de la Gu\u00e0rdia Civil i, segons ell, all\u00ed no li van saber dir quin document havia de mostrar en relaci\u00f3 amb l&#8217;asseguran\u00e7a ni tampoc els motius de la den\u00fancia. Ahir mateix el regidor va pagar la multa per no dur el cintur\u00f3 &mdash;105 euros&mdash; i va presentar un recurs contra la sanci\u00f3 per l&#8217;asseguran\u00e7a.<\/p>\n<p>En la valoraci\u00f3 dels fets, el portaveu del Bloc d&#8217;Ondara va assenyalar: \u00abEstic realment of\u00e9s\u00bb, perqu\u00e8 \u00abem sembla una gran falta de respecte tot el que va passar.\u00bb En este sentit, el regidor nacionalista va anunciar: \u00abPense arribar a totes les inst\u00e0ncies i fins i tot als tribunals per a defensar els meus drets ling\u00fc\u00edstics i el meu honor\u00bb.\n<\/p><\/blockquote>\n","protected":false},"excerpt":{"rendered":"<p>La Gu\u00e0rdia Civil va ampliant la seua llista de casos d&#8217;agents prepotents i assetjadors ling\u00fc\u00edstics. Ara un parell d&#8217;agents sensibles per estos temes han anat a topar amb un ind\u00edgena d&#8217;Ondara. Tenint en compte les dades socioling\u00fc\u00edstiques del Pa\u00eds Valenci\u00e0 (i m\u00e9s encara les que es referixen a l&#8217;ensenyament), els agents haurien d&#8217;haver demanat un [&hellip;]<\/p>\n","protected":false},"author":2,"featured_media":0,"comment_status":"open","ping_status":"open","sticky":false,"template":"","format":"standard","meta":{"footnotes":""},"categories":[36,4,1,15,47,19,24],"tags":[],"class_list":["post-166","post","type-post","status-publish","format-standard","hentry","category-allofobia","category-dret","category-general","category-laboral","category-planificacio","category-politica","category-requisit-linguistic"],"_links":{"self":[{"href":"https:\/\/www.cdlpv.org\/dtl\/wp-json\/wp\/v2\/posts\/166","targetHints":{"allow":["GET"]}}],"collection":[{"href":"https:\/\/www.cdlpv.org\/dtl\/wp-json\/wp\/v2\/posts"}],"about":[{"href":"https:\/\/www.cdlpv.org\/dtl\/wp-json\/wp\/v2\/types\/post"}],"author":[{"embeddable":true,"href":"https:\/\/www.cdlpv.org\/dtl\/wp-json\/wp\/v2\/users\/2"}],"replies":[{"embeddable":true,"href":"https:\/\/www.cdlpv.org\/dtl\/wp-json\/wp\/v2\/comments?post=166"}],"version-history":[{"count":0,"href":"https:\/\/www.cdlpv.org\/dtl\/wp-json\/wp\/v2\/posts\/166\/revisions"}],"wp:attachment":[{"href":"https:\/\/www.cdlpv.org\/dtl\/wp-json\/wp\/v2\/media?parent=166"}],"wp:term":[{"taxonomy":"category","embeddable":true,"href":"https:\/\/www.cdlpv.org\/dtl\/wp-json\/wp\/v2\/categories?post=166"},{"taxonomy":"post_tag","embeddable":true,"href":"https:\/\/www.cdlpv.org\/dtl\/wp-json\/wp\/v2\/tags?post=166"}],"curies":[{"name":"wp","href":"https:\/\/api.w.org\/{rel}","templated":true}]}}