{"id":1656,"date":"2010-07-05T13:19:07","date_gmt":"2010-07-05T12:19:07","guid":{"rendered":"http:\/\/www.cdlpv.org\/dtl\/?p=1656"},"modified":"2010-07-05T13:19:07","modified_gmt":"2010-07-05T12:19:07","slug":"incapacitacio-linguistica","status":"publish","type":"post","link":"https:\/\/www.cdlpv.org\/dtl\/2010\/07\/05\/incapacitacio-linguistica\/","title":{"rendered":"Incapacitaci\u00f3 ling\u00fc\u00edstica"},"content":{"rendered":"<p>Vivim uns moments d&#8217;alegre rebombori ling\u00fc\u00edstic&#8230; B\u00e9, com quasi sempre. En el diari <em>El Pa\u00eds<\/em>  \u00c1ngel L\u00f3pez Garc\u00eda es pregunta si \u00ab\u00bfEs pot falar euskaraz en el Senado?\u00bb <a href=\"http:\/\/www.elpais.com\/articulo\/opinion\/pot\/falar\/euskaraz\/Senado\/elpepiopi\/20100624elpepiopi_5\/Tes\" target=\"_blank\">(24.06.2010)<\/a>. Uns fragments:<\/p>\n<blockquote><p>\nNo \u00e9s molt demanar que els nostres senadors uniling\u00fces facen l&#8217;esfor\u00e7 d&#8217;entendre les altres lleng\u00fces d&#8217;Espanya, almenys les rom\u00e0niques, una cosa que milions d&#8217;immigrants van aconseguir en un parell de mesos a p\u00e8l. I si no s\u00f3n capa\u00e7os d&#8217;aprendre-les, que es dediquen a altra cosa. [&#8230;]\n<p>No estic propugnant que les quatre lleng\u00fces siguen oficials en tota Espanya: aix\u00f2 tal vegada f\u00f3ra just, per\u00f2 \u00e9s inviable i el cam\u00ed de l&#8217;infern est\u00e0 sembrat de bons prop\u00f2sits. El que s\u00ed que crec que podria aconsegui-se en un parell de generacions \u00e9s que la pres\u00e8ncia del catal\u00e0\/valenci\u00e0 i del gallec en els mitjans de comunicaci\u00f3 i d&#8217;estes dues lleng\u00fces juntament amb l&#8217;\u00e8uscar en l&#8217;ensenyament de tota Espanya s&#8217;anara incrementant progressivament fins a assolir que quan un pol\u00edtic parla en catal\u00e0 o una escriptora \u00e9s entrevistada en gallec tots els espanyols els entenguen sense m\u00e9s, que l&#8217;\u00e8uscar torne a ser el s\u00edmbol de l&#8217;especificitat peninsular, com reclamava Astarlos, i que els hispanoparlants de les comunitats biling\u00fces deixen de ser els bocs expiatoris de les culpes del govern central.\n<\/p><\/blockquote>\n<p>D&#8217;altra banda, hi ha una altra refer\u00e8ncia important a tindre en compte al Pa\u00eds Valenci\u00e0, ara que la suposada crisi \u2014que no afecta el Ferraris, Louis Vuitton i Patek Philippe dels dirigents pol\u00edtic del <span class=\"versaleta\">pp<\/span> valenci\u00e0\u2014 ha servit d&#8217;excusa per a eliminarm el doblatge al valenci\u00e0 (que no al castell\u00e0) en la Televisi\u00f3 Valenciana: han aprovat la <a href=\"http:\/\/www6.gencat.cat\/llengcat\/Flaixos_56\/www20.gencat.cat\/portal\/site\/Llengcat\/menuitem.5ecc41313c6e17e295029110b0c0e1a0\/indexDest100.html?vgnextoid=cedaaa22b7103110VgnVCM1000008d0c1e0aRCRD&#038;vgnextchannel=cedaaa22b7103110VgnVCM1000008d0c1e0aRCRD&#038;vgnextfmt=detall&#038;contentid=29292f9897098210VgnVCM1000008d0c1e0aRCRD\" target=\"_blank\">llei del cinema<\/a> a Catalunya que simplement pret\u00e9n que el que \u00e9s just i necessari siga normal quant a la possibilitats que els ciutadans pugam tindre cinema en la nostra llengua (a Catalunya; al Pa\u00eds Valenci\u00e0 ha de ser en l&#8217;altra llengua).<\/p>\n<p>Finalment, una informaci\u00f3 quasi d&#8217;abast internacional, per\u00f2 que segurament es perdr\u00e0 en l&#8217;anecdotari (<em>El Pa\u00eds<\/em>, <a href=\"http:\/\/www.elpais.com\/articulo\/reportajes\/lenguas\/autonomicas\/elpepusocdmg\/20100704elpdmgrep_7\/Tes\" target=\"_blank\">04.07.2010<\/a>), del qual extraiem algunes perles que barregen frac\u00e0s escolar, llengua, religi\u00f3, nacionalitat i constitucionalitat:<\/p>\n<blockquote>\n<h2>Dos lleng\u00fces auton\u00f2miques m\u00e9s<\/h2>\n<h3>En Ceuta, els musulmans comencen a pugnar per tal que l&#8217;\u00e0rab siga reconegut, i en Melilla ho fan per l&#8217;amazic amb l&#8217;ajuda d&#8217;<span class=\"versaleta\">erc<\/span><\/h3>\n[&#8230;]\n<p>Ceuta i Melilla s\u00f3n els dos \u00fanics llocs d&#8217;Espanya on l&#8217;educaci\u00f3 no est\u00e0 transferida i el pes de l&#8217;ensenyament p\u00fablic \u00e9s aclaparador (79&nbsp;% de l&#8217;alumnat), quasi un 12&nbsp;% per damunt de la mitjana espanyola. Solament Castella-la Manxa supera eixe r\u00e8cord. La mitat dels alumnes s\u00f3n musulmans, predominen fins i tot en infantil i prim\u00e0ria, i no solen parlar castell\u00e0 en les seues cases. <\/p>\n[&#8230;]\n<p>\u00abNo ens plantegem tenir llengua optativa hui\u00bb, va declarar al novembre, en el Congr\u00e9s, el ministre \u00c1ngel Gabilondo. \u00abCal fomentar l&#8217;espanyol, respectant les altres lleng\u00fces\u00bb, va sentenciar. La seua predecessora, Mercedes Cabrera, dubtava fins i tot que f\u00f3ra possible inserir en el sistema educatiu \u00abuna llengua de tradici\u00f3 oral mancada de cos gramatical\u00bb. <\/p>\n[&#8230;]\n<p>&#8220;No crec que es puga dir que l&#8217;amazic o l&#8217;\u00e0rab s\u00f3n lleng\u00fces espanyoles\u00bb, afirma Carlos Ruiz Miguel, catedr\u00e0tic de dret constitucional de la Universitat de Santiago de Composte&#320;la. \u00abS\u00f3n estrangeres encara que les parle una petita part de la poblaci\u00f3 espanyola\u00bb. \u00abLa seua hipot\u00e8tica cooficialitat t\u00e9 molt dif\u00edcil encaix constitucional\u00bb. \u00abEl cas podria acabar en el Tribunal Constitucional\u00bb, vaticina.\n<\/p><\/blockquote>\n","protected":false},"excerpt":{"rendered":"<p>Vivim uns moments d&#8217;alegre rebombori ling\u00fc\u00edstic&#8230; B\u00e9, com quasi sempre. En el diari El Pa\u00eds \u00c1ngel L\u00f3pez Garc\u00eda es pregunta si \u00ab\u00bfEs pot falar euskaraz en el Senado?\u00bb (24.06.2010). Uns fragments: No \u00e9s molt demanar que els nostres senadors uniling\u00fces facen l&#8217;esfor\u00e7 d&#8217;entendre les altres lleng\u00fces d&#8217;Espanya, almenys les rom\u00e0niques, una cosa que milions d&#8217;immigrants [&hellip;]<\/p>\n","protected":false},"author":2,"featured_media":0,"comment_status":"open","ping_status":"open","sticky":false,"template":"","format":"standard","meta":{"footnotes":""},"categories":[36,42,2,3,4,10,1,19],"tags":[191,287],"class_list":["post-1656","post","type-post","status-publish","format-standard","hentry","category-allofobia","category-cinema-comunicacio","category-comunicacio","category-documentacio","category-dret","category-formacio","category-general","category-politica","tag-estatal","tag-llengues"],"_links":{"self":[{"href":"https:\/\/www.cdlpv.org\/dtl\/wp-json\/wp\/v2\/posts\/1656","targetHints":{"allow":["GET"]}}],"collection":[{"href":"https:\/\/www.cdlpv.org\/dtl\/wp-json\/wp\/v2\/posts"}],"about":[{"href":"https:\/\/www.cdlpv.org\/dtl\/wp-json\/wp\/v2\/types\/post"}],"author":[{"embeddable":true,"href":"https:\/\/www.cdlpv.org\/dtl\/wp-json\/wp\/v2\/users\/2"}],"replies":[{"embeddable":true,"href":"https:\/\/www.cdlpv.org\/dtl\/wp-json\/wp\/v2\/comments?post=1656"}],"version-history":[{"count":0,"href":"https:\/\/www.cdlpv.org\/dtl\/wp-json\/wp\/v2\/posts\/1656\/revisions"}],"wp:attachment":[{"href":"https:\/\/www.cdlpv.org\/dtl\/wp-json\/wp\/v2\/media?parent=1656"}],"wp:term":[{"taxonomy":"category","embeddable":true,"href":"https:\/\/www.cdlpv.org\/dtl\/wp-json\/wp\/v2\/categories?post=1656"},{"taxonomy":"post_tag","embeddable":true,"href":"https:\/\/www.cdlpv.org\/dtl\/wp-json\/wp\/v2\/tags?post=1656"}],"curies":[{"name":"wp","href":"https:\/\/api.w.org\/{rel}","templated":true}]}}