{"id":165,"date":"2007-08-27T11:11:19","date_gmt":"2007-08-27T10:11:19","guid":{"rendered":"http:\/\/www.cdlpv.org\/dtl\/?p=165"},"modified":"2007-08-27T11:11:19","modified_gmt":"2007-08-27T10:11:19","slug":"vora-un-80-dels-alumnes-del-pais-valencia-no-estudia-en-valencia","status":"publish","type":"post","link":"https:\/\/www.cdlpv.org\/dtl\/2007\/08\/27\/vora-un-80-dels-alumnes-del-pais-valencia-no-estudia-en-valencia\/","title":{"rendered":"Vora un 80% dels alumnes del Pa\u00eds Valenci\u00e0 no estudia en valenci\u00e0"},"content":{"rendered":"<p>Sembla que finalment ens ensenyarem les dades &mdash;les mateixes dades&mdash; de mem\u00f2ria. I aix\u00f2 que s\u00f3n m\u00e9s aviat una mostra vergonyosa de la gesti\u00f3 del govern del PP valenci\u00e0, ja que al cap de vint anys hi ha quasi un 80&nbsp;% d&#8217;alumnes valencians que no estudien en valenci\u00e0 i, per tant, vora una quinta part que s\u00ed que sembla que ho puga fer.<\/p>\n<p>Sabem que eixe 20&nbsp;% s\u00f3n la mesura de l&#8217;\u00e8xit per als dirigents actuals del PP &mdash;at\u00e9s que l&#8217;esbomben tan sovint&mdash;, i aix\u00f2 s&#8217;explica perqu\u00e8 s\u00f3n capa\u00e7os d&#8217;embolicar qualsevol frau, defici\u00e8ncia o imprud\u00e8ncia greu (fins i tot amb resultat de mort) en un paper d&#8217;amena\u00e7a agredol\u00e7a: \u00ab\u00a1Ho hagu\u00e9rem pogut fer pitjor!\u00bb I tenen molta ra\u00f3. Al capdavall, el seu programa deu ser la minoritzaci\u00f3 constant i permanent del catal\u00e0 al Pa\u00eds Valenci\u00e0. Altrament, no s&#8217;ent\u00e9n que no proposen mesures per a arribar a la totalitat de la poblaci\u00f3. B\u00e9, o s\u00ed que s&#8217;ent\u00e9n. I, certament, d&#8217;acord amb el seu programa, han intentat fer-ho \u00abmolt millor\u00bb!<\/p>\n<p>Quant al continu refregir de les dades sobre el 20&nbsp;%, a causa de l&#8217;estiu o d&#8217;exig\u00e8ncies polemitzadores, es pot observar en diverses entrades del <span class=\"versaleta\">dtl<\/span>:<\/p>\n<ul>\n<li><a href=\"http:\/\/www.cdlpv.org\/dtl\/?p=29\" target=\"_blank\">Lent i insegur: el 20&nbsp;% en 20 anys<\/a><\/li>\n<li><a href=\"http:\/\/www.cdlpv.org\/dtl\/?p=143\" target=\"_blank\">\u00c9s notori que Font de Mora trau poc la llengua en valenci\u00e0<\/a><\/li>\n<li><a href=\"http:\/\/www.cdlpv.org\/dtl\/?p=157\" target=\"_blank\">Dades del 2005 sobre l&#8217;\u00fas del catal\u00e0 al Pa\u00eds Valenci\u00e0<\/a><\/li>\n<\/ul>\n<p>L&#8217;\u00faltima, per ara, de la s\u00e8rie \u00e9s del diari <em>El Pa\u00eds<\/em> (<a href=\"http:\/\/www.elpais.com\/articulo\/Comunidad\/Valenciana\/cuarta\/parte\/alumnos\/estudia\/valenciano\/24\/anos\/Llei\/d\/Us\/elpepuespval\/20070825elpval_12\/Tes\" target=\"_blank\">27.08.2007<\/a>; l&#8217;hem tradu\u00efda amb l&#8217;ajuda de l&#8217;<a href=\"http:\/\/internostrum.com\" target=\"_blank\">Internostrum<\/a>):<\/p>\n<blockquote>\n<h2>Una quarta part dels alumnes estudia en valenci\u00e0 despr\u00e9s de 24 anys de Llei d&#8217;\u00fas<\/h2>\n<h3>170.000 joves no universitaris cursen en llengua aut\u00f2ctona sobre un total de 720.000<\/h3>\n<h5>F. B. &#8211; Val\u00e8ncia &#8211; 25.08.2007<\/h5>\n<p>El percentatge d&#8217;estudiants no universitaris que va realitzar els seus estudis el curs passat en la l\u00ednia en valenci\u00e0 es va situar en un 23,5&nbsp;%. De manera que menys d&#8217;una quarta part de l&#8217;alumnat (169.853 alumnes sobre un total de 719.419, segons dades de la Conselleria d&#8217;Educaci\u00f3) va estudiar en la seua llengua aut\u00f2ctona 24 anys despr\u00e9s de promulgar-se la Llei d&#8217;\u00fas i ensenyament del Valenci\u00e0. El director general d&#8217;Ordenaci\u00f3 i Centres Docents, Josep Vicent Felip, va emetre ahir un comunicat triomfalista que destaca el creixement del 129&nbsp;% en el nombre d&#8217;alumnes en valenci\u00e0 des de 1996.<\/p>\n<p>La implantaci\u00f3 del valenci\u00e0 en l&#8217;escola avan\u00e7a a un ritme que \u00e9s objecte d&#8217;oberta diverg\u00e8ncia entre l&#8217;administraci\u00f3, que la considera \u00abmolt ferma\u00bb, i els principals agents socials implicats en la promoci\u00f3 i defensa de la llengua aut\u00f2ctona, que ho qualifiquen \u00abde molt lent\u00bb. L&#8217;altra cara de la moneda \u00e9s l&#8217;extensi\u00f3 de l&#8217;\u00fas social del valenci\u00e0, que es troba en un estat \u00abinsatisfactori\u00bb, segond l&#8217;estudi comparatiu realitzat per la Acad\u00e8mia Valenciana de la Llengua. L&#8217;organisme normatiu ha sol\u00b7licitat en diverses ocasions la signatura d&#8217;un \u00abnou pacte c\u00edvic pel foment del valenci\u00e0\u00bb amb la finalitat de superar la situaci\u00f3.<\/p>\n<p>Malgrat tot aix\u00f2, l&#8217;aposta pel valenci\u00e0 en l&#8217;ensenyament obligatori (fins als 16 anys) \u00e9s \u00abferma\u00bb i les dades sobre el seu increment \u00abaix\u00ed ho indiquen\u00bb, segons el comunicat em\u00e9s ahir per la Conselleria d&#8217;Educaci\u00f3. \u00abEn percentatge [en el curs] 1985-1986 nom\u00e9s un 1,5&nbsp;%, \u00e9s a dir, 10.611 alumnes estudiaven en valenci\u00e0; en 1995-1996 la xifra va augmentar a un 10,6&nbsp;%, \u00e9s a dir, 74.277 estudiants i en l&#8217;actualitat s\u00f3n 169.853 els que s&#8217;han decantat per este tipus d&#8217;ensenyament, \u00e9s a dir, un 129&nbsp;% m\u00e9s i s\u00f3n 1.013 els centres que la impartixen\u00bb. Felip va destacar el creixement que ha experimentat el valenci\u00e0 des de l&#8217;arribada al govern de la Generalitat del PP en 1995.<\/p>\n<p>A m\u00e9s, prosseguix el comunicat, les dades d&#8217;\u00fas del valenci\u00e0 entre els estudiants tamb\u00e9 \u00abs\u00f3n molt positives\u00bb. El 76&nbsp;% dels escolars d&#8217;entre 10 i 14 anys sap parlar valenci\u00e0 perfectament; el 93&nbsp;% l&#8217;ent\u00e9n, el 74&nbsp;% el llig i el 54&nbsp;% l&#8217;escriu de manera habitual.<\/p>\n<p>\u00abL&#8217;objectiu del Consell \u00e9s que els alumnes valencians, al finalitzar l&#8217;ensenyament obligatori tinguen, no nom\u00e9s un domini del valenci\u00e0, que \u00e9s un dels nostres senyals d&#8217;identitat, sin\u00f3 tamb\u00e9 del castell\u00e0 i d&#8217;una llengua estrangera que facilite la mobilitat i la formaci\u00f3 per tota la Uni\u00f3 Europea\u00bb, assenyala el director general d&#8217;Ordenaci\u00f3 i Centres Docents.<\/p>\n<p>El comunicat d&#8217;Educaci\u00f3 recorda l&#8217;exist\u00e8ncia del Programa d&#8217;Ensenyament en Valenci\u00e0 (PEV), dirigit a escolars valencianoparlants que residixen en zones de predomini ling\u00fc\u00edstic valenci\u00e0 i la llengua principal en el proc\u00e9s d&#8217;ensenyament-aprenentatge \u00e9s el valenci\u00e0; el Programa d&#8217;Immersi\u00f3 Ling\u00fc\u00edstica Volunt\u00e0ria (PIL), dissenyat per a estudiantes no valencianoparlants, les fam\u00edlies de les quals opten volunt\u00e0riament per una escola en valenci\u00e0; i, finalment, el Programa d&#8217;Incorporaci\u00f3 Progressiva (PIP), en el qual la llengua d&#8217;aprenentatge \u00e9s el castell\u00e0 llevat d&#8217;algunes \u00e0rees que s\u00f3n impartides en valenci\u00e0.<\/p>\n<p>El sindicat majoritari de l&#8217;ensenyament preuniversitari a la Comunitat Valenciana, l&#8217;STEPV, t\u00e9 una opini\u00f3 molt diferent. Considera que el comunicat d&#8217;Educaci\u00f3 respon a una estrat\u00e8gia de propaganda, perqu\u00e8 oculta que el creixement en el nombre d&#8217;estudiants es deu fonamentalment al creixement vegetatiu i no a l&#8217;increment de l&#8217;oferta per part de l&#8217;administraci\u00f3. Explica Vicent Maur\u00ed, de l&#8217;STEPV, que l&#8217;augment reflectix tamb\u00e9 l&#8217;obligaci\u00f3 de l&#8217;administraci\u00f3 d&#8217;implantar el valenci\u00e0 en cursos successius despr\u00e9s de la inscripci\u00f3, per exemple, en Primer de Prim\u00e0ria, cosa que multiplica el nombre total. Per\u00f2 incidix que el govern del PP a penes oferix m\u00e9s l\u00ednies en valenci\u00e0 des que Fernando Vilallonga va deixar de ser conseller d&#8217;Educaci\u00f3 en 1997. \u00abNo hi ha una pol\u00edtica de promoci\u00f3 del valenci\u00e0 per part de l&#8217;administraci\u00f3\u00bb, funci\u00f3 que passen a ocupar el professorat i col\u00b7lectius socials com Escola Valenciana.<\/p>\n<p>A m\u00e9s, agrega l&#8217;STEPV, es passa per alt el greu problema que es produ\u00efx quan l&#8217;alumne acaba l&#8217;ensenyament obligatori i no pot prosseguir els seus estudis en valenci\u00e0 en el Batxillerat i en els cicles formatius perqu\u00e8 no hi ha prou oferta.\n<\/p><\/blockquote>\n","protected":false},"excerpt":{"rendered":"<p>Sembla que finalment ens ensenyarem les dades &mdash;les mateixes dades&mdash; de mem\u00f2ria. I aix\u00f2 que s\u00f3n m\u00e9s aviat una mostra vergonyosa de la gesti\u00f3 del govern del PP valenci\u00e0, ja que al cap de vint anys hi ha quasi un 80&nbsp;% d&#8217;alumnes valencians que no estudien en valenci\u00e0 i, per tant, vora una quinta part [&hellip;]<\/p>\n","protected":false},"author":2,"featured_media":0,"comment_status":"open","ping_status":"open","sticky":false,"template":"","format":"standard","meta":{"footnotes":""},"categories":[45,1,47,24],"tags":[],"class_list":["post-165","post","type-post","status-publish","format-standard","hentry","category-ensenyament","category-general","category-planificacio","category-requisit-linguistic"],"_links":{"self":[{"href":"https:\/\/www.cdlpv.org\/dtl\/wp-json\/wp\/v2\/posts\/165","targetHints":{"allow":["GET"]}}],"collection":[{"href":"https:\/\/www.cdlpv.org\/dtl\/wp-json\/wp\/v2\/posts"}],"about":[{"href":"https:\/\/www.cdlpv.org\/dtl\/wp-json\/wp\/v2\/types\/post"}],"author":[{"embeddable":true,"href":"https:\/\/www.cdlpv.org\/dtl\/wp-json\/wp\/v2\/users\/2"}],"replies":[{"embeddable":true,"href":"https:\/\/www.cdlpv.org\/dtl\/wp-json\/wp\/v2\/comments?post=165"}],"version-history":[{"count":0,"href":"https:\/\/www.cdlpv.org\/dtl\/wp-json\/wp\/v2\/posts\/165\/revisions"}],"wp:attachment":[{"href":"https:\/\/www.cdlpv.org\/dtl\/wp-json\/wp\/v2\/media?parent=165"}],"wp:term":[{"taxonomy":"category","embeddable":true,"href":"https:\/\/www.cdlpv.org\/dtl\/wp-json\/wp\/v2\/categories?post=165"},{"taxonomy":"post_tag","embeddable":true,"href":"https:\/\/www.cdlpv.org\/dtl\/wp-json\/wp\/v2\/tags?post=165"}],"curies":[{"name":"wp","href":"https:\/\/api.w.org\/{rel}","templated":true}]}}