{"id":1648,"date":"2010-06-30T12:16:57","date_gmt":"2010-06-30T11:16:57","guid":{"rendered":"http:\/\/www.cdlpv.org\/dtl\/?p=1648"},"modified":"2010-06-30T12:16:57","modified_gmt":"2010-06-30T11:16:57","slug":"la-funcio-publica-valenciana-sense-capacitacio","status":"publish","type":"post","link":"https:\/\/www.cdlpv.org\/dtl\/2010\/06\/30\/la-funcio-publica-valenciana-sense-capacitacio\/","title":{"rendered":"La funci\u00f3 p\u00fablica valenciana sense capacitaci\u00f3"},"content":{"rendered":"<p>S&#8217;ha aprovat ja la nova llei de la funci\u00f3 p\u00fablica valenciana. La vespra de l&#8217;aprovaci\u00f3, el vicepresident de l&#8217;Acad\u00e8mia Valenciana de la Llengua <span class=\"versaleta\">(avl)<\/span>, Manuel P\u00e9rez Saldanya, feia unes consideracions sobre la \u00abcompet\u00e8ncia ling\u00fc\u00edstica\u00bb que haurien de tindre els funcionaris p\u00fablics (<em>El Pa\u00eds<\/em>, \u00abPor una administraci\u00f3n m\u00e1s valenciana\u00bb, <a href=\"http:\/\/www.elpais.com\/articulo\/Comunidad\/Valenciana\/Administracion\/valenciana\/elpepiespval\/20100629elpval_16\/Tes\" target=\"_blank\">29.06.2010<\/a>). Vist com ha anat la cosa, podem concloure amb el par\u00e0graf seg\u00fcent:<\/p>\n<blockquote><p>\nSi la llei valenciana continua sent l&#8217;excepci\u00f3 i l&#8217;\u00fanica que no d\u00f3na cabuda a la compet\u00e8ncia ling\u00fc\u00edstica, ser\u00e0 l\u00edcit entendre que la Generalitat no creu en el valenci\u00e0 m\u00e9s que per a usos folkl\u00f2rics i menysprea l&#8217;esfor\u00e7 de tants valencians, joves i menys joves, per aprendre la nostra llengua i viure en valenci\u00e0.\n<\/p><\/blockquote>\n<p>Res que no sab\u00e9rem. La q\u00fcesti\u00f3 ser\u00e0 aconseguir-ho a pesar d&#8217;eixe menyspreu. Com fins ara, i a pesar del que puga <a href=\"http:\/\/www.cdlpv.org\/dtl\/?p=1643\" target=\"_blank\">opinar<\/a> la presidenta de l&#8217;<span class=\"versaleta\">avl<\/span>, Ascensi\u00f3 Figueres, quant a la \u00abcapacitaci\u00f3 ling\u00fc\u00edstica\u00bb esmentada per P\u00e9rez Saldanya.<\/p>\n","protected":false},"excerpt":{"rendered":"<p>S&#8217;ha aprovat ja la nova llei de la funci\u00f3 p\u00fablica valenciana. La vespra de l&#8217;aprovaci\u00f3, el vicepresident de l&#8217;Acad\u00e8mia Valenciana de la Llengua (avl), Manuel P\u00e9rez Saldanya, feia unes consideracions sobre la \u00abcompet\u00e8ncia ling\u00fc\u00edstica\u00bb que haurien de tindre els funcionaris p\u00fablics (El Pa\u00eds, \u00abPor una administraci\u00f3n m\u00e1s valenciana\u00bb, 29.06.2010). Vist com ha anat la cosa, [&hellip;]<\/p>\n","protected":false},"author":2,"featured_media":0,"comment_status":"open","ping_status":"open","sticky":false,"template":"","format":"standard","meta":{"footnotes":""},"categories":[38,4,10,1,15,24],"tags":[274],"class_list":["post-1648","post","type-post","status-publish","format-standard","hentry","category-avl","category-dret","category-formacio","category-general","category-laboral","category-requisit-linguistic","tag-legislacio"],"_links":{"self":[{"href":"https:\/\/www.cdlpv.org\/dtl\/wp-json\/wp\/v2\/posts\/1648","targetHints":{"allow":["GET"]}}],"collection":[{"href":"https:\/\/www.cdlpv.org\/dtl\/wp-json\/wp\/v2\/posts"}],"about":[{"href":"https:\/\/www.cdlpv.org\/dtl\/wp-json\/wp\/v2\/types\/post"}],"author":[{"embeddable":true,"href":"https:\/\/www.cdlpv.org\/dtl\/wp-json\/wp\/v2\/users\/2"}],"replies":[{"embeddable":true,"href":"https:\/\/www.cdlpv.org\/dtl\/wp-json\/wp\/v2\/comments?post=1648"}],"version-history":[{"count":0,"href":"https:\/\/www.cdlpv.org\/dtl\/wp-json\/wp\/v2\/posts\/1648\/revisions"}],"wp:attachment":[{"href":"https:\/\/www.cdlpv.org\/dtl\/wp-json\/wp\/v2\/media?parent=1648"}],"wp:term":[{"taxonomy":"category","embeddable":true,"href":"https:\/\/www.cdlpv.org\/dtl\/wp-json\/wp\/v2\/categories?post=1648"},{"taxonomy":"post_tag","embeddable":true,"href":"https:\/\/www.cdlpv.org\/dtl\/wp-json\/wp\/v2\/tags?post=1648"}],"curies":[{"name":"wp","href":"https:\/\/api.w.org\/{rel}","templated":true}]}}