{"id":1646,"date":"2010-06-29T13:29:21","date_gmt":"2010-06-29T12:29:21","guid":{"rendered":"http:\/\/www.cdlpv.org\/dtl\/?p=1646"},"modified":"2010-06-29T13:29:21","modified_gmt":"2010-06-29T12:29:21","slug":"la-comissio-de-seguiment-del-protocol-de-ladministracio-local","status":"publish","type":"post","link":"https:\/\/www.cdlpv.org\/dtl\/2010\/06\/29\/la-comissio-de-seguiment-del-protocol-de-ladministracio-local\/","title":{"rendered":"La comissi\u00f3 de seguiment del protocol de l&#8217;administraci\u00f3 local"},"content":{"rendered":"<p>Infomigjorn ens ha fet arribar una not\u00edcia que no deixa de tindre inter\u00e9s de llegir encara que semble a deshora, despr\u00e9s de les declaracions de la presidenta de l&#8217;AVL sobre el requisit ling\u00fc\u00edstic valenci\u00e0 en l&#8217;ensenyament universitari. Es tracta de la not\u00edcia seg\u00fcent apareguda en <em>P\u00e0gina 26<\/em> <a href=\"http:\/\/www.pagina26.com\/tendencies\/11491-figueres-presideix-la-constitucio-de-la-comissio-institucional-de-promocio-del-valencia.html\" target=\"_blank\">(16.06.2010)<\/a>:<\/p>\n<blockquote>\n<h2>Figueres presideix la constituci\u00f3 de la comissi\u00f3 institucional de promoci\u00f3 del valenci\u00e0<\/h2>\n<p>El passat 23 de novembre es va signar al monestir de Sant Miquel dels Reis el protocol de co&#320;laboraci\u00f3 entre la Generalitat i m\u00e9s de cinquanta ajuntaments i mancomunitats per fomentar la relaci\u00f3 entre les institucions que treballen per normalitzar el valenci\u00e0. L&#8217;Acad\u00e8mia Valenciana de la Llengua es va comprometre a proposar un pla d&#8217;actuacions concretes i convocar ajudes econ\u00f2miques dirigides a les oficines de dinamitzaci\u00f3 ling\u00fc\u00edstica municipal. Des de la Conselleria d&#8217;Educaci\u00f3, Alejandro Font de Mora es va comprometre a crear m\u00e9s oficines en els municipis de m\u00e9s de 5.000 habitants. Aquest dimecres la presidenta de l&#8217;ens normatiu ha participat en la constituci\u00f3 de la comissi\u00f3 de seguiment de l&#8217;acord signat el novembre passat. En l&#8217;acte tamb\u00e9 han participat Concepci\u00f3n G\u00f3mez, n\u00famero dos de la Conselleria d&#8217;Educaci\u00f3; Vicent Satorres, cap de l&#8217;\u00c0rea de Pol\u00edtica Ling\u00fc\u00edstica i C\u00e8sar Mateu, Nathalie Torres i Agn\u00e9s Talaya com a representants dels t\u00e8cnics dels ajuntaments. Honorat Ros, membre de l&#8217;AVL, completa la comissi\u00f3.<\/p>\n<p>En aquesta primera reuni\u00f3 s&#8217;ha analitzat els objectius que apareixen en el protocol, entre els quals s&#8217;ha d&#8217;esmentar la consolidaci\u00f3 i l&#8217;impuls de les estructures que promouen el valenci\u00e0 en l&#8217;administraci\u00f3. A trav\u00e9s de projectes, estudis i activitats es pret\u00e9n promoure el coneixement i l&#8217;\u00fas del valenci\u00e0 des les oficines de promoci\u00f3 ling\u00fc\u00edstica. El protocol tamb\u00e9 planteja estrat\u00e8gies a l&#8217;hora de fomentar l&#8217;\u00fas social, el desenvolupaments d&#8217;estudis sobre la situaci\u00f3 de la llengua i la difusi\u00f3 de la normativa de l&#8217;Acad\u00e8mia.\n<\/p><\/blockquote>\n<p>La Coordinadora de Dinamitzaci\u00f3 Ling\u00fc\u00edstica del Pa\u00eds Valenci\u00e0 <span class=\"versaleta\">(cdlpv)<\/span>, entitat que no ha estat informada ni convidada a participar en eixe proc\u00e9s, a pesar que \u00e9s una associaci\u00f3 que agrupa t\u00e8cnics ling\u00fc\u00edstics de totes les administracions p\u00fabliques valencianes i que es tracta d&#8217;un \u00e0mbit d&#8217;actuaci\u00f3 central per als seues objectius, desitja que el proc\u00e9s aconseguixca impulsar aix\u00f2 que s&#8217;assenyala en la not\u00edcia.<\/p>\n<p>Amb tot, esperem que el funcionament de la comissi\u00f3 es fonamente en la informaci\u00f3 i la co&#320;laboraci\u00f3 amb totes les entitats que treballen en eixe mateix \u00e0mbit, contr\u00e0riament al que, almenys des de la <span class=\"versaleta\">cdlpv<\/span>, hem conegut fins ara. L&#8217;experi\u00e8ncia que tenim, per sort, \u00e9s que la manca de difusi\u00f3 de la informaci\u00f3, l&#8217;exc\u00e9s de parcel\u00b7laci\u00f3 sectorial i la restricci\u00f3 en la participaci\u00f3 professional s\u00f3n alguns dels problemes que, encara que s\u00f3n recurrents, es poden corregir i evitar.<\/p>\n","protected":false},"excerpt":{"rendered":"<p>Infomigjorn ens ha fet arribar una not\u00edcia que no deixa de tindre inter\u00e9s de llegir encara que semble a deshora, despr\u00e9s de les declaracions de la presidenta de l&#8217;AVL sobre el requisit ling\u00fc\u00edstic valenci\u00e0 en l&#8217;ensenyament universitari. Es tracta de la not\u00edcia seg\u00fcent apareguda en P\u00e0gina 26 (16.06.2010): Figueres presideix la constituci\u00f3 de la comissi\u00f3 [&hellip;]<\/p>\n","protected":false},"author":2,"featured_media":0,"comment_status":"open","ping_status":"open","sticky":false,"template":"","format":"standard","meta":{"footnotes":""},"categories":[38,2,1,15,47,31],"tags":[50,390],"class_list":["post-1646","post","type-post","status-publish","format-standard","hentry","category-avl","category-comunicacio","category-general","category-laboral","category-planificacio","category-tmpl","tag-administracio-local","tag-protocol"],"_links":{"self":[{"href":"https:\/\/www.cdlpv.org\/dtl\/wp-json\/wp\/v2\/posts\/1646","targetHints":{"allow":["GET"]}}],"collection":[{"href":"https:\/\/www.cdlpv.org\/dtl\/wp-json\/wp\/v2\/posts"}],"about":[{"href":"https:\/\/www.cdlpv.org\/dtl\/wp-json\/wp\/v2\/types\/post"}],"author":[{"embeddable":true,"href":"https:\/\/www.cdlpv.org\/dtl\/wp-json\/wp\/v2\/users\/2"}],"replies":[{"embeddable":true,"href":"https:\/\/www.cdlpv.org\/dtl\/wp-json\/wp\/v2\/comments?post=1646"}],"version-history":[{"count":0,"href":"https:\/\/www.cdlpv.org\/dtl\/wp-json\/wp\/v2\/posts\/1646\/revisions"}],"wp:attachment":[{"href":"https:\/\/www.cdlpv.org\/dtl\/wp-json\/wp\/v2\/media?parent=1646"}],"wp:term":[{"taxonomy":"category","embeddable":true,"href":"https:\/\/www.cdlpv.org\/dtl\/wp-json\/wp\/v2\/categories?post=1646"},{"taxonomy":"post_tag","embeddable":true,"href":"https:\/\/www.cdlpv.org\/dtl\/wp-json\/wp\/v2\/tags?post=1646"}],"curies":[{"name":"wp","href":"https:\/\/api.w.org\/{rel}","templated":true}]}}