{"id":1637,"date":"2010-06-10T12:50:44","date_gmt":"2010-06-10T11:50:44","guid":{"rendered":"http:\/\/www.cdlpv.org\/dtl\/?p=1637"},"modified":"2010-06-10T12:50:44","modified_gmt":"2010-06-10T11:50:44","slug":"lutima-classe-de-joan-sola-cortassa","status":"publish","type":"post","link":"https:\/\/www.cdlpv.org\/dtl\/2010\/06\/10\/lutima-classe-de-joan-sola-cortassa\/","title":{"rendered":"L&#8217;\u00fatima classe de Joan Sol\u00e0 Cortassa"},"content":{"rendered":"<p>Xavier Rull ens envia a trav\u00e9s d&#8217;Infoz\u00e8fir la informaci\u00f3 seg\u00fcent:<\/p>\n<blockquote>\n<h2>Joan Sol\u00e0: \u00faltima classe<\/h2>\n<p>A partir del curs que ve, el catedr\u00e0tic de filologia catalana de la Universitat de Barcelona Joan Sol\u00e0, passar\u00e0 a ser professor em\u00e8rit d\u2019aquesta Universitat. Dijous vinent, 17 de juny, a les 6 de la tarda, impartir\u00e0 la seva \u00faltima classe a l&#8217;Aula Magna de l&#8217;Edifici Hist\u00f2ric de la Universitat de Barcelona. Al mateix temps, aquesta classe ser\u00e0 l&#8217;acte de cloenda del m\u00e0ster oficial interuniversitari en Estudis Avan\u00e7ats i Aplicats en Llengua i Literatura Catalanes (UAB-UB) i del postgrau en Assessorament Ling\u00fc\u00edstic i Serveis Editorials (UB).<\/p>\n<p>Font: Neus Nogu\u00e9 i Llu\u00eds Payrat\u00f3 (Departament de Filologia Catalana de la UB)\n<\/p><\/blockquote>\n<hr>\n<\/hr>\n<ul>\n<li>Vegeu: \u00abJoan Sol\u00e0: &#8220;Gr\u00e0cies, noi&#8221;\u00bb (<span class=\"versaleta\"><em>dtl<\/em><\/span>, <a href=\"http:\/\/www.cdlpv.org\/dtl\/?p=1819\" target=\"_blank\">27.10.2010<\/a>)\n<\/li>\n<\/ul>\n","protected":false},"excerpt":{"rendered":"<p>Xavier Rull ens envia a trav\u00e9s d&#8217;Infoz\u00e8fir la informaci\u00f3 seg\u00fcent: Joan Sol\u00e0: \u00faltima classe A partir del curs que ve, el catedr\u00e0tic de filologia catalana de la Universitat de Barcelona Joan Sol\u00e0, passar\u00e0 a ser professor em\u00e8rit d\u2019aquesta Universitat. Dijous vinent, 17 de juny, a les 6 de la tarda, impartir\u00e0 la seva \u00faltima classe [&hellip;]<\/p>\n","protected":false},"author":2,"featured_media":0,"comment_status":"open","ping_status":"open","sticky":false,"template":"","format":"standard","meta":{"footnotes":""},"categories":[2,45,10,1],"tags":[493,500],"class_list":["post-1637","post","type-post","status-publish","format-standard","hentry","category-comunicacio","category-ensenyament","category-formacio","category-general","tag-universitat-de-barcelona","tag-universitats"],"_links":{"self":[{"href":"https:\/\/www.cdlpv.org\/dtl\/wp-json\/wp\/v2\/posts\/1637","targetHints":{"allow":["GET"]}}],"collection":[{"href":"https:\/\/www.cdlpv.org\/dtl\/wp-json\/wp\/v2\/posts"}],"about":[{"href":"https:\/\/www.cdlpv.org\/dtl\/wp-json\/wp\/v2\/types\/post"}],"author":[{"embeddable":true,"href":"https:\/\/www.cdlpv.org\/dtl\/wp-json\/wp\/v2\/users\/2"}],"replies":[{"embeddable":true,"href":"https:\/\/www.cdlpv.org\/dtl\/wp-json\/wp\/v2\/comments?post=1637"}],"version-history":[{"count":0,"href":"https:\/\/www.cdlpv.org\/dtl\/wp-json\/wp\/v2\/posts\/1637\/revisions"}],"wp:attachment":[{"href":"https:\/\/www.cdlpv.org\/dtl\/wp-json\/wp\/v2\/media?parent=1637"}],"wp:term":[{"taxonomy":"category","embeddable":true,"href":"https:\/\/www.cdlpv.org\/dtl\/wp-json\/wp\/v2\/categories?post=1637"},{"taxonomy":"post_tag","embeddable":true,"href":"https:\/\/www.cdlpv.org\/dtl\/wp-json\/wp\/v2\/tags?post=1637"}],"curies":[{"name":"wp","href":"https:\/\/api.w.org\/{rel}","templated":true}]}}