{"id":1634,"date":"2010-06-09T12:25:02","date_gmt":"2010-06-09T11:25:02","guid":{"rendered":"http:\/\/www.cdlpv.org\/dtl\/?p=1634"},"modified":"2010-06-09T12:25:02","modified_gmt":"2010-06-09T11:25:02","slug":"acces-a-la-universitat-i-pla-destudis-del-valencia-actual","status":"publish","type":"post","link":"https:\/\/www.cdlpv.org\/dtl\/2010\/06\/09\/acces-a-la-universitat-i-pla-destudis-del-valencia-actual\/","title":{"rendered":"Acc\u00e9s a la universitat i Pla d&#8217;estudis del valenci\u00e0 actual"},"content":{"rendered":"<p>El <span class=\"versaleta\">cidaj<\/span> ens envia la informaci\u00f3 seg\u00fcent:<\/p>\n<blockquote>\n<ul>\n<li>Resoluci\u00f3 de 26 de maig de 2010, de la Direcci\u00f3 General d&#8217;Universitat i Estudis Superiors, de la Conselleria d&#8217;Educaci\u00f3, per la qual es fa p\u00fablic l&#8217;Acord de la Comissi\u00f3 Gestora dels Processos d&#8217;Acc\u00e9s i Preinscripci\u00f3 en les universitats p\u00fabliques del sistema universitari valenci\u00e0, sobre l&#8217;establiment de la prova de compet\u00e8ncia ling\u00fc\u00edstica per a l&#8217;acc\u00e9s a les universitats p\u00fabliques de la Comunitat Valenciana dels estudiants de sistemes educatius a qu\u00e8 \u00e9s d&#8217;aplicaci\u00f3 l&#8217;article 38.5 de la Llei Org\u00e0nica 2\/2006, de 3 de maig, d&#8217;Educaci\u00f3. [2010\/6230] (<span class=\"versaleta\"><em>docv<\/em><\/span>, n\u00fam. 6.281, de 03.06.2010)<br \/>\n<a href=\"http:\/\/www.pre.gva.es\/L\/BASIS\/BDLGVPU\/WEB\/LEV_LISTADOS_TEXTO\/DDW?W%3DSIGNATURA_N=6346+AND+SIGNATURA_A=2010%26R%3DN\" target=\"_blank\">&#8211; vegeu text<\/a><\/li>\n<li>Orde 42\/2010, de 21 de maig, de la Conselleria d&#8217;Educaci\u00f3, pel qual es minora l&#8217;import global m\u00e0xim previst en l&#8217;Orde 21\/2010, de 22 de mar\u00e7, de la Conselleria d&#8217;Educaci\u00f3, per la qual es convoquen beques per a la realitzaci\u00f3 de treballs d&#8217;investigaci\u00f3 dins del Pla d&#8217;Estudis del Valenci\u00e0 Actual. [2010\/6184] (<span class=\"versaleta\"><em>docv<\/em><\/span>, n\u00fam. 6.284, de 08.06.2010)<br \/>\n<a href=\"http:\/\/www.pre.gva.es\/L\/BASIS\/BDLGVPU\/WEB\/LEV_LISTADOS_TEXTO\/DDW?W%3DSIGNATURA_N=6531+AND+SIGNATURA_A=2010%26R%3DN\" target=\"_blank\">&#8211; vegeu text<\/a><\/li>\n<\/ul>\n<\/blockquote>\n<hr noshade>\n<blockquote><p>\nResoluci\u00f3 de 23 de juny de 2010, de la secret\u00e0ria auton\u00f2mica d\u2019Educaci\u00f3, per la qual es concedixen beques per a la realitzaci\u00f3 de treballs d\u2019investigaci\u00f3 dins del Pla d\u2019Estudis del Valenci\u00e0 Actual 2010. (<span class=\"versaleta\"><em>docv<\/em><\/span> n\u00fam. 6.307, 09.07.2010; <a href=\"https:\/\/www.docv.gva.es\/portal\/portal\/2010\/07\/09\/pdf\/2010_7588.pdf\" target=\"_blank\"><span class=\"versaleta\">[pdf]<\/span><\/a>)<\/p>\n<p>Beques concedides:<\/p>\n<div class=\"nota\">\n<table align=center border=1 cellspacing=2 cellpadding=3>\n<tr>\n<td>&nbsp;<\/td>\n<td>Projecte &#8211; autor(s)<\/td>\n<td>Euros<\/td>\n<\/tr>\n<tr>\n<td>1.<\/td>\n<td>Traducci\u00f3 al valenci\u00e0 d\u2019\u00f2peres franceses i alemanyes &#8211; Ratfisch Siffermann, Cristina<\/td>\n<td>4.000,00 <\/td>\n<\/tr>\n<tr>\n<td>2.<\/td>\n<td>Tractament lexicogr\u00e0fic biling\u00fce del vocabulari b\u00e0sic franc\u00e9s i valenci\u00e0. 2\u00aa fase &#8211; Sierra Soriano, M. Ascensi\u00f3n<\/td>\n<td>3.700,00 <\/td>\n<\/tr>\n<tr>\n<td>3.<\/td>\n<td>La vida de l\u2019imant egipci Rifaa al-Tahtawi i el seu relat de viatge (Les joies de Par\u00eds, 1826-1831) &#8211; El Erian El Bassal, Hany<\/td>\n<td>1.200,00 <\/td>\n<\/tr>\n<tr>\n<td>4.<\/td>\n<td>Traducci\u00f3 al valenci\u00e0 de tres \u00f2peres italianes &#8211; Costa Jim\u00e9nez, N\u00faria<\/td>\n<td>2.500,00 <\/td>\n<\/tr>\n<tr>\n<td>5.<\/td>\n<td>Plataforma virtual de formaci\u00f3, informaci\u00f3 i comunicaci\u00f3 per a l\u2019aprenentatge del valenci\u00e0 &#8211; Grau Mart\u00ednez, Vicent<\/td>\n<td>4.000,00 <\/td>\n<\/tr>\n<tr>\n<td>6.<\/td>\n<td>Aprenem amb contes &#8211; Dom\u00e9nech Rodr\u00edguez, M. Pilar; Dom\u00e9nech Zornoza Josep Llu\u00eds; Huguet Enguita, Jes\u00fas<\/td>\n<td>1.500,00 <\/td>\n<\/tr>\n<tr>\n<td>7.<\/td>\n<td>Projecte Valangl\u00e9s &#8211; Ribes Rosa, Sara; Mart\u00ednez Calvo, Virginia<\/td>\n<td>2.000,00 <\/td>\n<\/tr>\n<tr>\n<td>8.<\/td>\n<td>El Kitab Bilawhar va Budasf de Majlis\u00ed II i la tradici\u00f3 de la literatura sapiencial persa &#8211; Cutillas Ferrer, Jose Francisco<\/td>\n<td>1.200,00 <\/td>\n<\/tr>\n<tr>\n<td>9.<\/td>\n<td>Materials did\u00e0ctics per a l\u2019ensenyament aprenentatge de la llengua destinat a l\u2019alumnat xin\u00e9s &#8211; Ll\u00e0cer Vidal, Maria Josepa<\/td>\n<td>1.000,00 <\/td>\n<\/tr>\n<tr>\n<td>10.<\/td>\n<td>Traducci\u00f3 al valenci\u00e0 i castell\u00e0 en Internet a trav\u00e9s de portals &#8211; Fuentes Benito, Blas<\/td>\n<td>3.900,00 <\/td>\n<\/tr>\n<tr>\n<td>11.<\/td>\n<td>Organitzaci\u00f3 i catalogaci\u00f3 de materials de valenci\u00e0 per a una base de recursos en internet &#8211; Meli\u00e0 Granell, Anna Maria<\/td>\n<td>3.000,00 <\/td>\n<\/tr>\n<tr>\n<td>12.<\/td>\n<td>Estudi del llenguatge administratiu valenci\u00e0 actual i elaboraci\u00f3 de materials que promoguen l\u2019aprenentatge i la difusi\u00f3 d\u2019este &#8211; Morant Cuenca, Ma Desamparados<\/td>\n<td>1.400,00 <\/td>\n<\/tr>\n<tr>\n<td>13.<\/td>\n<td>Convenis en valenci\u00e0 &#8211; P\u00e9rez Ib\u00e1\u00f1ez, Salvador<\/td>\n<td>1.400,00 <\/td>\n<\/tr>\n<tr>\n<td>14.<\/td>\n<td>Adaptaci\u00f3 d\u2019IINTER-VAL v2 al nou estil del web de la Generalitat Valenciana &#8211; Ba\u00f1o Burgos, Jorge Javier; Ferre Hern\u00e1ndez, M Vict\u00f2ria<\/td>\n<td>1.000,00 <\/td>\n<\/tr>\n<\/table>\n<\/div>\n<\/blockquote>\n","protected":false},"excerpt":{"rendered":"<p>El cidaj ens envia la informaci\u00f3 seg\u00fcent: Resoluci\u00f3 de 26 de maig de 2010, de la Direcci\u00f3 General d&#8217;Universitat i Estudis Superiors, de la Conselleria d&#8217;Educaci\u00f3, per la qual es fa p\u00fablic l&#8217;Acord de la Comissi\u00f3 Gestora dels Processos d&#8217;Acc\u00e9s i Preinscripci\u00f3 en les universitats p\u00fabliques del sistema universitari valenci\u00e0, sobre l&#8217;establiment de la prova [&hellip;]<\/p>\n","protected":false},"author":2,"featured_media":0,"comment_status":"open","ping_status":"open","sticky":false,"template":"","format":"standard","meta":{"footnotes":""},"categories":[40,10,1,22],"tags":[365,367,500],"class_list":["post-1634","post","type-post","status-publish","format-standard","hentry","category-beques-formacio","category-formacio","category-general","category-recerca","tag-eva","tag-pla-eva","tag-universitats"],"_links":{"self":[{"href":"https:\/\/www.cdlpv.org\/dtl\/wp-json\/wp\/v2\/posts\/1634","targetHints":{"allow":["GET"]}}],"collection":[{"href":"https:\/\/www.cdlpv.org\/dtl\/wp-json\/wp\/v2\/posts"}],"about":[{"href":"https:\/\/www.cdlpv.org\/dtl\/wp-json\/wp\/v2\/types\/post"}],"author":[{"embeddable":true,"href":"https:\/\/www.cdlpv.org\/dtl\/wp-json\/wp\/v2\/users\/2"}],"replies":[{"embeddable":true,"href":"https:\/\/www.cdlpv.org\/dtl\/wp-json\/wp\/v2\/comments?post=1634"}],"version-history":[{"count":0,"href":"https:\/\/www.cdlpv.org\/dtl\/wp-json\/wp\/v2\/posts\/1634\/revisions"}],"wp:attachment":[{"href":"https:\/\/www.cdlpv.org\/dtl\/wp-json\/wp\/v2\/media?parent=1634"}],"wp:term":[{"taxonomy":"category","embeddable":true,"href":"https:\/\/www.cdlpv.org\/dtl\/wp-json\/wp\/v2\/categories?post=1634"},{"taxonomy":"post_tag","embeddable":true,"href":"https:\/\/www.cdlpv.org\/dtl\/wp-json\/wp\/v2\/tags?post=1634"}],"curies":[{"name":"wp","href":"https:\/\/api.w.org\/{rel}","templated":true}]}}