{"id":1631,"date":"2010-06-03T11:14:19","date_gmt":"2010-06-03T10:14:19","guid":{"rendered":"http:\/\/www.cdlpv.org\/dtl\/?p=1631"},"modified":"2010-06-03T11:14:19","modified_gmt":"2010-06-03T10:14:19","slug":"estudiar-en-valencia","status":"publish","type":"post","link":"https:\/\/www.cdlpv.org\/dtl\/2010\/06\/03\/estudiar-en-valencia\/","title":{"rendered":"Estudiar en valenci\u00e0"},"content":{"rendered":"<p>Segons indica el titular del diari (<em>El Pa\u00eds<\/em>, 02.06.2010):<\/p>\n<blockquote>\n<h2>80.000 alumnes deixen d&#8217;estudiar en valenci\u00e0 per la pol\u00edtica del Consell<\/h2>\n<h3>Escola Valenciana denuncia al s\u00edndic l&#8217;ecassesa de places en secund\u00e0ria<\/h3>\n<\/blockquote>\n<p>Eixa \u00e9s la gesti\u00f3 del conseller Font de Mora i del president Camps Ortiz. Dels 138.223 alumnes que estudiaven en valenci\u00e0 en prim\u00e0ria, nom\u00e9s 58.626 aconseguixen continuar fent-ho, perqu\u00e8 la conselleria disposa les mesures que impedixen la continu\u00eftat. El percentatge de centres que oferixen ensenyament en valenci\u00e0 \u00e9s del 10,6&nbsp;% en Alacant, el 22&nbsp;% en Val\u00e8ncia i el 42&nbsp;% en Castell\u00f3.<\/p>\n<p>Podem afegir que, segons un esborrany de decret de la mateixa conselleria, i tal com denuncia <a href=\"http:\/\/www.escolavalenciana.com\/noticies\/detall\/1181\/font-de-mora-preten-prohibir-estudiar-en-valencia-el-80-de-lrsquoalumnat\" target=\"_blank\">Escola Valenciana<\/a>:<\/p>\n<blockquote>\n<h2>Font de Mora pret\u00e9n prohibir estudiar en valenci\u00e0 el 80&nbsp;% de l\u2019alumnat<\/h2>\n<\/blockquote>\n<p>Sabem que l&#8217;aprenentatge \u00e9s la base de l&#8217;\u00fas. Per aix\u00f2 s&#8217;entenen perfectament les mesures que tendixen a impedir l&#8217;aprenentatge i l&#8217;\u00fas del valenci\u00e0.<\/p>\n","protected":false},"excerpt":{"rendered":"<p>Segons indica el titular del diari (El Pa\u00eds, 02.06.2010): 80.000 alumnes deixen d&#8217;estudiar en valenci\u00e0 per la pol\u00edtica del Consell Escola Valenciana denuncia al s\u00edndic l&#8217;ecassesa de places en secund\u00e0ria Eixa \u00e9s la gesti\u00f3 del conseller Font de Mora i del president Camps Ortiz. Dels 138.223 alumnes que estudiaven en valenci\u00e0 en prim\u00e0ria, nom\u00e9s 58.626 [&hellip;]<\/p>\n","protected":false},"author":2,"featured_media":0,"comment_status":"open","ping_status":"open","sticky":false,"template":"","format":"standard","meta":{"footnotes":""},"categories":[45,10],"tags":[164],"class_list":["post-1631","post","type-post","status-publish","format-standard","hentry","category-ensenyament","category-formacio","tag-educacio"],"_links":{"self":[{"href":"https:\/\/www.cdlpv.org\/dtl\/wp-json\/wp\/v2\/posts\/1631","targetHints":{"allow":["GET"]}}],"collection":[{"href":"https:\/\/www.cdlpv.org\/dtl\/wp-json\/wp\/v2\/posts"}],"about":[{"href":"https:\/\/www.cdlpv.org\/dtl\/wp-json\/wp\/v2\/types\/post"}],"author":[{"embeddable":true,"href":"https:\/\/www.cdlpv.org\/dtl\/wp-json\/wp\/v2\/users\/2"}],"replies":[{"embeddable":true,"href":"https:\/\/www.cdlpv.org\/dtl\/wp-json\/wp\/v2\/comments?post=1631"}],"version-history":[{"count":0,"href":"https:\/\/www.cdlpv.org\/dtl\/wp-json\/wp\/v2\/posts\/1631\/revisions"}],"wp:attachment":[{"href":"https:\/\/www.cdlpv.org\/dtl\/wp-json\/wp\/v2\/media?parent=1631"}],"wp:term":[{"taxonomy":"category","embeddable":true,"href":"https:\/\/www.cdlpv.org\/dtl\/wp-json\/wp\/v2\/categories?post=1631"},{"taxonomy":"post_tag","embeddable":true,"href":"https:\/\/www.cdlpv.org\/dtl\/wp-json\/wp\/v2\/tags?post=1631"}],"curies":[{"name":"wp","href":"https:\/\/api.w.org\/{rel}","templated":true}]}}