{"id":163,"date":"2007-08-22T13:38:59","date_gmt":"2007-08-22T12:38:59","guid":{"rendered":"http:\/\/www.cdlpv.org\/dtl\/?p=163"},"modified":"2007-08-22T13:38:59","modified_gmt":"2007-08-22T12:38:59","slug":"joan-carles-i-exclusivament-en-espanyol","status":"publish","type":"post","link":"https:\/\/www.cdlpv.org\/dtl\/2007\/08\/22\/joan-carles-i-exclusivament-en-espanyol\/","title":{"rendered":"Joan Carles I, exclusivament en espanyol"},"content":{"rendered":"<p>Ens informa Vilaweb (<a href=\"http:\/\/www.vilaweb.cat\/www\/elpunt\/noticia?p_idcmp=2522303\" target=\"_blank\">22.08.2007<\/a>) que el Ministeri d&#8217;Educaci\u00f3 i Ci\u00e8ncia ha aprovat les normes per a expedir els t\u00edtols universitaris de m\u00e0ster i doctor:<\/p>\n<blockquote>\n<h2>Els t\u00edtols de m\u00e0ster i doctor ja es poden expedir des d&#8217;avui en llengua catalana<\/h2>\n<h5>EFE. Madrid<\/h5>\n<p>El Ministeri d&#8217;Educaci\u00f3 i Ci\u00e8ncia aplicar\u00e0 avui l&#8217;ordre que estableix les noves normes per expedir els t\u00edtols universitaris oficials de m\u00e0ster i doctor d&#8217;acord amb les l\u00ednies generals de l&#8217;Espai Europeu d&#8217;Educaci\u00f3 Superior. Com a principal novetat, els t\u00edtols podran estar redactats en altres lleng\u00fces oficials, a m\u00e9s del castell\u00e0.<\/p>\n<p>L&#8217;ordre, que va ser publicada ahir en el BOE, tan sols aborda la regulaci\u00f3 necess\u00e0ria per expedir els nous t\u00edtols oficials de m\u00e0ster i doctor que van comen\u00e7ar a impartir-se el curs passat, ja que el comen\u00e7ament efectiu dels ensenyaments de grau universitari no entrar\u00e0 en vigor fins al curs 2008\/09.\n<\/p><\/blockquote>\n<p>La q\u00fcesti\u00f3 \u00e9s que podeu trobar l&#8217;<a href=\"http:\/\/www.geocities.com\/asensi.geo\/Legis\/Arxius\/estatal\/O2514-2007.htm\" target=\"_blank\">ordre<\/a> en la secci\u00f3 de <a href=\"http:\/\/www.geocities.com\/asensi.geo\/Legis\/Entorn.htm\" target=\"_blank\">legislaci\u00f3 ling\u00fc\u00edstica<\/a> del web <a href=\"http:\/\/www.einesdellengua.org\" target=\"_blank\">Eines de Llengua<\/a>, i que podreu comprovar que si per una banda corregixen la discriminaci\u00f3 ling\u00fc\u00edstica en l&#8217;emissi\u00f3 dels t\u00edtols en introduir les lleng\u00fces de l&#8217;estat, en canvi, se&#8217;ls escapa un tic totalitari espanyolista:<\/p>\n<blockquote><p>La leyenda \u00abJuan Carlos I, Rey de Espa\u00f1a\u00bb se imprimir\u00e1 exclusivamente en castellano.<\/p><\/blockquote>\n<p>Es veu que sempre han de deixar clar d&#8217;alguna manera quina \u00e9s l&#8217;ess\u00e8ncia real del seu pensament i de la seua naci\u00f3.<\/p>\n","protected":false},"excerpt":{"rendered":"<p>Ens informa Vilaweb (22.08.2007) que el Ministeri d&#8217;Educaci\u00f3 i Ci\u00e8ncia ha aprovat les normes per a expedir els t\u00edtols universitaris de m\u00e0ster i doctor: Els t\u00edtols de m\u00e0ster i doctor ja es poden expedir des d&#8217;avui en llengua catalana EFE. Madrid El Ministeri d&#8217;Educaci\u00f3 i Ci\u00e8ncia aplicar\u00e0 avui l&#8217;ordre que estableix les noves normes per [&hellip;]<\/p>\n","protected":false},"author":2,"featured_media":0,"comment_status":"open","ping_status":"open","sticky":false,"template":"","format":"standard","meta":{"footnotes":""},"categories":[4,45,1,24],"tags":[],"class_list":["post-163","post","type-post","status-publish","format-standard","hentry","category-dret","category-ensenyament","category-general","category-requisit-linguistic"],"_links":{"self":[{"href":"https:\/\/www.cdlpv.org\/dtl\/wp-json\/wp\/v2\/posts\/163","targetHints":{"allow":["GET"]}}],"collection":[{"href":"https:\/\/www.cdlpv.org\/dtl\/wp-json\/wp\/v2\/posts"}],"about":[{"href":"https:\/\/www.cdlpv.org\/dtl\/wp-json\/wp\/v2\/types\/post"}],"author":[{"embeddable":true,"href":"https:\/\/www.cdlpv.org\/dtl\/wp-json\/wp\/v2\/users\/2"}],"replies":[{"embeddable":true,"href":"https:\/\/www.cdlpv.org\/dtl\/wp-json\/wp\/v2\/comments?post=163"}],"version-history":[{"count":0,"href":"https:\/\/www.cdlpv.org\/dtl\/wp-json\/wp\/v2\/posts\/163\/revisions"}],"wp:attachment":[{"href":"https:\/\/www.cdlpv.org\/dtl\/wp-json\/wp\/v2\/media?parent=163"}],"wp:term":[{"taxonomy":"category","embeddable":true,"href":"https:\/\/www.cdlpv.org\/dtl\/wp-json\/wp\/v2\/categories?post=163"},{"taxonomy":"post_tag","embeddable":true,"href":"https:\/\/www.cdlpv.org\/dtl\/wp-json\/wp\/v2\/tags?post=163"}],"curies":[{"name":"wp","href":"https:\/\/api.w.org\/{rel}","templated":true}]}}