{"id":1628,"date":"2010-06-01T09:24:55","date_gmt":"2010-06-01T08:24:55","guid":{"rendered":"http:\/\/www.cdlpv.org\/dtl\/?p=1628"},"modified":"2010-06-01T09:24:55","modified_gmt":"2010-06-01T08:24:55","slug":"oferta-laboral-en-el-periodic-dandorra","status":"publish","type":"post","link":"https:\/\/www.cdlpv.org\/dtl\/2010\/06\/01\/oferta-laboral-en-el-periodic-dandorra\/","title":{"rendered":"Oferta laboral en El Peri\u00f2dic d&#8217;Andorra"},"content":{"rendered":"<p>Marcel Tuyet Plans ens envia l&#8217;oferta laboral seg\u00fcent:<\/p>\n<blockquote><p>\n<em>El Peri\u00f2dic d&#8217;Andorra<\/em> cerca llicenciat en filologia catalana o b\u00e9 traducci\u00f3 i interpretaci\u00f3 per a exercir de corrector de catal\u00e0 del diari.<\/p>\n<p>Incorporaci\u00f3 immediata.<\/p>\n<p>Els interessats en obtenir m\u00e9s informaci\u00f3 poden enviar un correu a <em><a href=\"mailto:edicio@andorra.elperiodico.com\" target=\"_blank\">edicio@andorra.elperiodico.com<\/a><\/em> juntament amb el curr\u00edculum.\n<\/p><\/blockquote>\n","protected":false},"excerpt":{"rendered":"<p>Marcel Tuyet Plans ens envia l&#8217;oferta laboral seg\u00fcent: El Peri\u00f2dic d&#8217;Andorra cerca llicenciat en filologia catalana o b\u00e9 traducci\u00f3 i interpretaci\u00f3 per a exercir de corrector de catal\u00e0 del diari. Incorporaci\u00f3 immediata. Els interessats en obtenir m\u00e9s informaci\u00f3 poden enviar un correu a edicio@andorra.elperiodico.com juntament amb el curr\u00edculum.<\/p>\n","protected":false},"author":2,"featured_media":0,"comment_status":"open","ping_status":"open","sticky":false,"template":"","format":"standard","meta":{"footnotes":""},"categories":[43,1,15],"tags":[59,312],"class_list":["post-1628","post","type-post","status-publish","format-standard","hentry","category-concursos","category-general","category-laboral","tag-andorra","tag-mitjans"],"_links":{"self":[{"href":"https:\/\/www.cdlpv.org\/dtl\/wp-json\/wp\/v2\/posts\/1628","targetHints":{"allow":["GET"]}}],"collection":[{"href":"https:\/\/www.cdlpv.org\/dtl\/wp-json\/wp\/v2\/posts"}],"about":[{"href":"https:\/\/www.cdlpv.org\/dtl\/wp-json\/wp\/v2\/types\/post"}],"author":[{"embeddable":true,"href":"https:\/\/www.cdlpv.org\/dtl\/wp-json\/wp\/v2\/users\/2"}],"replies":[{"embeddable":true,"href":"https:\/\/www.cdlpv.org\/dtl\/wp-json\/wp\/v2\/comments?post=1628"}],"version-history":[{"count":0,"href":"https:\/\/www.cdlpv.org\/dtl\/wp-json\/wp\/v2\/posts\/1628\/revisions"}],"wp:attachment":[{"href":"https:\/\/www.cdlpv.org\/dtl\/wp-json\/wp\/v2\/media?parent=1628"}],"wp:term":[{"taxonomy":"category","embeddable":true,"href":"https:\/\/www.cdlpv.org\/dtl\/wp-json\/wp\/v2\/categories?post=1628"},{"taxonomy":"post_tag","embeddable":true,"href":"https:\/\/www.cdlpv.org\/dtl\/wp-json\/wp\/v2\/tags?post=1628"}],"curies":[{"name":"wp","href":"https:\/\/api.w.org\/{rel}","templated":true}]}}