{"id":1617,"date":"2010-05-31T13:04:13","date_gmt":"2010-05-31T12:04:13","guid":{"rendered":"http:\/\/www.cdlpv.org\/dtl\/?p=1617"},"modified":"2010-05-31T13:04:13","modified_gmt":"2010-05-31T12:04:13","slug":"beques-concedides-per-lacademia-valenciana-de-la-llengua-avl","status":"publish","type":"post","link":"https:\/\/www.cdlpv.org\/dtl\/2010\/05\/31\/beques-concedides-per-lacademia-valenciana-de-la-llengua-avl\/","title":{"rendered":"Beques concedides per l&#8217;Acad\u00e8mia Valenciana de la Llengua (AVL)"},"content":{"rendered":"<p>El <span class=\"versaleta\">cidaj<\/span> ens envia la informaci\u00f3 seg\u00fcent:<\/p>\n<blockquote><p>\nResoluci\u00f3 de 14 de maig del 2010, de la Presid\u00e8ncia de l&#8217;Acad\u00e8mia Valenciana de la Llengua, per la qual es publica l&#8217;anunci de beques d&#8217;investigaci\u00f3 ling\u00fc\u00edstica sobre el valenci\u00e0 concedides i denegades corresponent a la convocat\u00f2ria del 2010. [2010\/5832] (<span class=\"versaleta\"><em>docv<\/em><\/span>, n\u00fam. 6.277, de 28.05.2010)<br \/>\n<a href=\"http:\/\/www.pre.gva.es\/L\/BASIS\/BDLGVPU\/WEB\/LEV_LISTADOS_TEXTO\/DDW?W%3DSIGNATURA_N=6130+AND+SIGNATURA_A=2010%26R%3DN\" target=\"_blank\">&#8211; vegeu text<\/a>\n<\/p><\/blockquote>\n<p>Les beques concedides s\u00f3n les seg\u00fcents:<\/p>\n<blockquote>\n<table align=center border=1 cellspacing=2 cellpadding=3>\n<tr>\n<td><em>N\u00fam.<\/em><\/td>\n<td><em>Nom del treball<\/em><\/td>\n<td><em>Import<\/em><\/td>\n<\/tr>\n<tr>\n<td>Carla Gonz\u00e1lez Collantes<\/td>\n<td>El valenci\u00e0 als mitjans de comunicaci\u00f3<\/td>\n<td>2.500 &euro;<\/td>\n<\/tr>\n<tr>\n<td>Frederic Oriola Vell\u00f3<\/td>\n<td>El mirall pautat: Recull d\u2019expressions i par\u00e8mies musicals<\/td>\n<td>2.500 &euro;<\/td>\n<\/tr>\n<tr>\n<td>Alfonso Francisco Vila Franc\u00e9s<\/td>\n<td>Antologia d\u2019escriptors i escrits populars valencians de la postguerra<\/td>\n<td>2.000 &euro;<\/td>\n<\/tr>\n<tr>\n<td>Antoni Mas i Miralles<\/td>\n<td>Estudi ling\u00fc\u00edstic d\u2019un tractat de falconeria: <em>Libre de Ca\u00e7a<\/em><\/td>\n<td>2.500 &euro;<\/td>\n<\/tr>\n<tr>\n<td>Abel Soler Molina<\/td>\n<td>El regadiu tradicional valenci\u00e0: l\u00e8xic general i variacions comarcals<\/td>\n<td>2.000 &euro;<\/td>\n<\/tr>\n<tr>\n<td>Josep E. Oltra Benavent<\/td>\n<td>El nom dels \u00e9ssers naturals a la Vall d\u2019Albaida<\/td>\n<td>3.000 &euro;<\/td>\n<\/tr>\n<tr>\n<td>Joan Borja i Sanz<\/td>\n<td>El can\u00e7oner popular valenci\u00e0: fonoteca antol\u00f2gica, transcripci\u00f3 i catalogaci\u00f3 (I)*<\/td>\n<td>3.000 &euro;<\/td>\n<\/tr>\n<tr>\n<td>Rosa G\u00f3mez Casa\u00f1<\/td>\n<td>La toponimia de la Hoya de Bu\u00f1ol y el Valle de Ayora<\/td>\n<td>2.000 &euro;<\/td>\n<\/tr>\n<tr>\n<td>Vicent Cabanes Fitor<\/td>\n<td><em>Vita Christi del Seraphic Doctor Sanct Joan Bonaventura<\/em><\/td>\n<td>3.500 &euro;<\/td>\n<\/tr>\n<tr>\n<td>Laia Campos Sala<\/td>\n<td>El valenci\u00e0 en les s\u00e8ries de ficci\u00f3<\/td>\n<td>3.000 &euro;<\/td>\n<\/tr>\n<tr>\n<td>Aureli\u00e0 J. Lair\u00f3n Pla<\/td>\n<td>El valenci\u00e0 a les Actes Capitulars del monestir de la Murta d\u2019Alzira (1506-1579)<\/td>\n<td>2.000 &euro;<\/td>\n<\/tr>\n<tr>\n<td>Maria Sanchis Marco<\/td>\n<td>De l\u2019oral a l\u2019escrit: transcripci\u00f3 en la subtitulaci\u00f3 per a sords<\/td>\n<td>1.500 &euro;<\/td>\n<\/tr>\n<tr>\n<td>Llu\u00eds Ramon Ferrer<\/td>\n<td>Edici\u00f3 cr\u00edtica i estudi de la <em>Summa de co&#320;lacions<\/em><\/td>\n<td>3.500 &euro;<\/td>\n<\/tr>\n<tr>\n<td>Dari Escandell Maestre<\/td>\n<td>Literatura infantil i juvenil en valenci\u00e0: prospecci\u00f3 de tend\u00e8ncies i h\u00e0bits de lectura en el sistema educatiu valenci\u00e0<\/td>\n<td>3.000 &euro;<\/td>\n<\/tr>\n<tr>\n<td>Alexandre Navarro i Tom\u00e0s<\/td>\n<td>Topon\u00edmia hist\u00f2rica de N\u00e0quera al llibre de f\u00e0brica de l\u2019esgl\u00e9sia de N\u00e0quera i a diversos protocols notarials conservats a l\u2019Arxiu del Regne de Val\u00e8ncia (1609-1854)<\/td>\n<td>1.500 &euro;<\/td>\n<\/tr>\n<tr>\n<td>Manuel Mart\u00ed Vilar<\/td>\n<td>El valenci\u00e0 a la xarxa i l\u2019\u00fas que en fan els nostres j\u00f3vens<\/td>\n<td>2.000 &euro;<\/td>\n<\/tr>\n<tr>\n<td>Ricard Peris Ferris<\/td>\n<td>Estudi sobre l\u2019ensenyament en valenci\u00e0 en m\u00f3ns virtuals<\/td>\n<td>2.000 &euro;<\/td>\n<\/tr>\n<tr>\n<td>Mar Gar\u00ed Palau<\/td>\n<td>El can\u00e7oner popular valenci\u00e0: fonoteca antol\u00f2gica i transcripci\u00f3 literal i musical<\/td>\n<td>3.000 &euro;<\/td>\n<\/tr>\n<tr>\n<td>M. \u00c1ngeles Fuster Ortu\u00f1o<\/td>\n<td>Contribuci\u00f3 a la millora del coneixement de la llengua liter\u00e0ria dels cl\u00e0ssic valencians dels segles <span class=\"versaleta\">xiv<\/span> i <span class=\"versaleta\">xv<\/span>: Estudi de les locucions verbals en <em>Lo Cresti\u00e0 <\/em>de Francesc Eiximenis i <em>Tirant lo Blanch <\/em>de Joanot Martorell<\/td>\n<td>3.000 &euro;<\/td>\n<\/tr>\n<tr>\n<td>Elena S\u00e1nchez L\u00f3pez<\/td>\n<td>Estudi de les estructures seq\u00fcencials en San Vicent Ferrer i Ausi\u00e0s March. Aportaci\u00f3 per a un coneixement m\u00e9s exhaustiu de la llengua dels cl\u00e0ssics valencians (s. <span class=\"versaleta\">xiv<\/span> i s. <span class=\"versaleta\">xv<\/span>)<\/td>\n<td>3.000 &euro;<\/td>\n<\/tr>\n<tr>\n<td>Mireia Gar\u00e9s Fragoso<\/td>\n<td>Vocabulari faller valenci\u00e0<\/td>\n<td>3.000 &euro;<\/td>\n<\/tr>\n<tr>\n<td>\u00d2scar P\u00e9rez Silvestre<\/td>\n<td>La <em>Breu instrucci\u00f3 de la doctrina cristiana <\/em>(1922) de Carles Salvador i moss\u00e9n Eloi Ferrer Cabroi. Hist\u00f2ria externa, edici\u00f3 i estudi ling\u00fc\u00edstic<\/td>\n<td>2.000 &euro;<\/td>\n<\/tr>\n<tr>\n<td>Al\u00edcia Mart\u00ed Climent<\/td>\n<td>An\u00e0lisi de la terminologia utilitzada en l\u2019ensenyament de lleng\u00fces en l\u2019<span class=\"versaleta\">eso<\/span><\/td>\n<td>1.000 &euro;<\/td>\n<\/tr>\n<tr>\n<td>Manuel M\u00ednguez Bori<\/td>\n<td>Estudi dels valencianismes a municipis de comarques ling\u00fc\u00edsticament lim\u00edtrofes: valenci\u00e0-castell\u00e0: la Serran\u00eda<\/td>\n<td>2.000 &euro;<\/td>\n<\/tr>\n<tr>\n<td>Beatriz Arquimbau Costa<\/td>\n<td><em>L\u2019Alqueria Blanca<\/em><\/td>\n<td>1.500 &euro;<\/td>\n<\/tr>\n<tr>\n<td>Joaqu\u00edn Sarri\u00f3n Esteve<\/td>\n<td>El valenci\u00e0 entre els fills d\u2019immigrants en edat escolar<\/td>\n<td>1.000 &euro;<\/td>\n<\/tr>\n<tr>\n<td>Josep Alandete Mayor<\/td>\n<td>Estudi de l\u2019est\u00e0ndard oral en una societat entre la substituci\u00f3 i la revernacularitzaci\u00f3<\/td>\n<td>2.000 &euro;<\/td>\n<\/tr>\n<tr>\n<td>Vicent Escart\u00ed Soriano<\/td>\n<td>Transcripci\u00f3 i glossari del <em>Salteri <\/em>(ms. Esp. 376 de la BNP)<\/td>\n<td>3.500 &euro;<\/td>\n<\/tr>\n<tr>\n<td>Vicent Baydal Sala<\/td>\n<td>Els models ling\u00fc\u00edstics de valenci\u00e0 emprats a internet: blogs, fotologs i comentaris<\/td>\n<td>2.500 &euro;<\/td>\n<\/tr>\n<tr>\n<td>Frederic Santandreu Gallego<\/td>\n<td>Diccionari de doblets l\u00e8xics<\/td>\n<td>3.000 &euro;<\/td>\n<\/tr>\n<tr>\n<td>Policarp Garay Mart\u00edn<\/td>\n<td>Estudi topon\u00edmic del terme municipal de Serra a partir de la documentaci\u00f3 hist\u00f2rica<\/td>\n<td>2.500 &euro;<\/td>\n<\/tr>\n<tr>\n<td>Joaquim Juan-Momp\u00f3 Rovira<\/td>\n<td>An\u00e0lisi i contrasts de la <em>Gram\u00e0tica normativa valenciana <\/em>(<span class=\"versaleta\">avl<\/span>: 2006)<\/td>\n<td>2.000 &euro;<\/td>\n<\/tr>\n<tr>\n<td>Francisco Moya Pay\u00e0<\/td>\n<td>Diccionari de la rima<\/td>\n<td>3.000 &euro;<\/td>\n<\/tr>\n<tr>\n<td>Abelard Sagoss\u00e0 Alba<\/td>\n<td>El valenci\u00e0 de Bernat i Baldov\u00ed. Les construccions sint\u00e0ctiques<\/td>\n<td>2.500 &euro;<\/td>\n<\/tr>\n<tr>\n<td>M. Jos\u00e9 Carbonell Boria<\/td>\n<td>Pergamins en valenci\u00e0 de la fam\u00edlia Cardona<\/td>\n<td>3.000 &euro;<\/td>\n<\/tr>\n<tr>\n<td>Casto Sorn\u00ed Moliner<\/td>\n<td>Vocabulari de la Societat Agr\u00e0ria del Maestrat Vell de Montesa<\/td>\n<td>500 &euro;<\/td>\n<\/tr>\n<tr>\n<td>Rafael Fresquet Fayos<\/td>\n<td>De l\u2019<em>Art de b\u00e9 morir <\/em>(Saragossa, c. 1493) a l\u2019<em>Espill de ben viure i per ajudar a ben morir <\/em>de Jaime Montany\u00e9s (s. <span class=\"versaleta\">xvi<\/span>) i Onofre Soler (s. <span class=\"versaleta\">xix<\/span>). 2\u00aa part: estudi ling\u00fc\u00edstic contrastiu i concordances lematitzades.<\/td>\n<td>1.000 &euro;<\/td>\n<\/tr>\n<\/table>\n<\/blockquote>\n","protected":false},"excerpt":{"rendered":"<p>El cidaj ens envia la informaci\u00f3 seg\u00fcent: Resoluci\u00f3 de 14 de maig del 2010, de la Presid\u00e8ncia de l&#8217;Acad\u00e8mia Valenciana de la Llengua, per la qual es publica l&#8217;anunci de beques d&#8217;investigaci\u00f3 ling\u00fc\u00edstica sobre el valenci\u00e0 concedides i denegades corresponent a la convocat\u00f2ria del 2010. [2010\/5832] (docv, n\u00fam. 6.277, de 28.05.2010) &#8211; vegeu text Les [&hellip;]<\/p>\n","protected":false},"author":2,"featured_media":0,"comment_status":"open","ping_status":"open","sticky":false,"template":"","format":"standard","meta":{"footnotes":""},"categories":[38,40,1,22,28],"tags":[278],"class_list":["post-1617","post","type-post","status-publish","format-standard","hentry","category-avl","category-beques-formacio","category-general","category-recerca","category-subvencions","tag-linguistica"],"_links":{"self":[{"href":"https:\/\/www.cdlpv.org\/dtl\/wp-json\/wp\/v2\/posts\/1617","targetHints":{"allow":["GET"]}}],"collection":[{"href":"https:\/\/www.cdlpv.org\/dtl\/wp-json\/wp\/v2\/posts"}],"about":[{"href":"https:\/\/www.cdlpv.org\/dtl\/wp-json\/wp\/v2\/types\/post"}],"author":[{"embeddable":true,"href":"https:\/\/www.cdlpv.org\/dtl\/wp-json\/wp\/v2\/users\/2"}],"replies":[{"embeddable":true,"href":"https:\/\/www.cdlpv.org\/dtl\/wp-json\/wp\/v2\/comments?post=1617"}],"version-history":[{"count":0,"href":"https:\/\/www.cdlpv.org\/dtl\/wp-json\/wp\/v2\/posts\/1617\/revisions"}],"wp:attachment":[{"href":"https:\/\/www.cdlpv.org\/dtl\/wp-json\/wp\/v2\/media?parent=1617"}],"wp:term":[{"taxonomy":"category","embeddable":true,"href":"https:\/\/www.cdlpv.org\/dtl\/wp-json\/wp\/v2\/categories?post=1617"},{"taxonomy":"post_tag","embeddable":true,"href":"https:\/\/www.cdlpv.org\/dtl\/wp-json\/wp\/v2\/tags?post=1617"}],"curies":[{"name":"wp","href":"https:\/\/api.w.org\/{rel}","templated":true}]}}