{"id":1612,"date":"2010-05-25T13:43:24","date_gmt":"2010-05-25T12:43:24","guid":{"rendered":"http:\/\/www.cdlpv.org\/dtl\/?p=1612"},"modified":"2010-05-25T13:43:24","modified_gmt":"2010-05-25T12:43:24","slug":"dos-concursos-en-lavl-lexicografia-toponomastica-publicacions-i-noves-tecnologies","status":"publish","type":"post","link":"https:\/\/www.cdlpv.org\/dtl\/2010\/05\/25\/dos-concursos-en-lavl-lexicografia-toponomastica-publicacions-i-noves-tecnologies\/","title":{"rendered":"Dos concursos en l&#8217;AVL: lexicografia, toponom\u00e0stica, publicacions i noves tecnologies"},"content":{"rendered":"<p>L&#8217;Acad\u00e8mia Valenciana de la Llengua ha convocat dos concursos interessants per als t\u00e8cnics ling\u00fc\u00edstics de la Generalitat valenciana en el <em>Diari Oficial de la Comunitat Valenciana<\/em> (n\u00fam. 6.265, 12.05.2010):<\/p>\n<blockquote>\n<h2>Concurs de m\u00e8rits grup A (concurs 1\/ 2010)<\/h2>\n<p>Resoluci\u00f3 de 5 de maig del 2010, de la Presid\u00e8ncia de l\u2019Acad\u00e8mia Valenciana de la Llengua, per la qual es convoca un concurs de m\u00e8rits per a la provisi\u00f3 de dos llocs de naturalesa funcionarial, sector Administraci\u00f3 especial, grup A (concurs 1\/2010). <a href=\"http:\/\/www.docv.gva.es\/portal\/portal\/2010\/05\/12\/pdf\/2010_5291.pdf\" target=\"_blank\"><span class=\"versaleta\">[pdf]<\/span><\/a><\/p>\n<h2>Concurs de m\u00e8rits grup B (concurs 2\/ 2010)<\/h2>\n<p>Resoluci\u00f3 de 5 de maig del 2010 de la Presid\u00e8ncia de l\u2019Acad\u00e8mia Valenciana de la Llengua, per la qual es convoca un concurs de m\u00e8rits per a la provisi\u00f3 de dos llocs de naturalesa funcionarial, sector Administraci\u00f3 especial, grup B (concurs 2\/2010). <a href=\"http:\/\/www.docv.gva.es\/portal\/portal\/2010\/05\/12\/pdf\/2010_5301.pdf\" target=\"_blank\"><span class=\"versaleta\">[pdf]<\/span><\/a>\n<\/p><\/blockquote>\n<p>Hi ha un termini de quinze dies h\u00e0bils des de la publicaci\u00f3 en el diari oficial.<\/p>\n","protected":false},"excerpt":{"rendered":"<p>L&#8217;Acad\u00e8mia Valenciana de la Llengua ha convocat dos concursos interessants per als t\u00e8cnics ling\u00fc\u00edstics de la Generalitat valenciana en el Diari Oficial de la Comunitat Valenciana (n\u00fam. 6.265, 12.05.2010): Concurs de m\u00e8rits grup A (concurs 1\/ 2010) Resoluci\u00f3 de 5 de maig del 2010, de la Presid\u00e8ncia de l\u2019Acad\u00e8mia Valenciana de la Llengua, per la [&hellip;]<\/p>\n","protected":false},"author":2,"featured_media":0,"comment_status":"open","ping_status":"open","sticky":false,"template":"","format":"standard","meta":{"footnotes":""},"categories":[38,43,1,15],"tags":[475],"class_list":["post-1612","post","type-post","status-publish","format-standard","hentry","category-avl","category-concursos","category-general","category-laboral","tag-tmpl"],"_links":{"self":[{"href":"https:\/\/www.cdlpv.org\/dtl\/wp-json\/wp\/v2\/posts\/1612","targetHints":{"allow":["GET"]}}],"collection":[{"href":"https:\/\/www.cdlpv.org\/dtl\/wp-json\/wp\/v2\/posts"}],"about":[{"href":"https:\/\/www.cdlpv.org\/dtl\/wp-json\/wp\/v2\/types\/post"}],"author":[{"embeddable":true,"href":"https:\/\/www.cdlpv.org\/dtl\/wp-json\/wp\/v2\/users\/2"}],"replies":[{"embeddable":true,"href":"https:\/\/www.cdlpv.org\/dtl\/wp-json\/wp\/v2\/comments?post=1612"}],"version-history":[{"count":0,"href":"https:\/\/www.cdlpv.org\/dtl\/wp-json\/wp\/v2\/posts\/1612\/revisions"}],"wp:attachment":[{"href":"https:\/\/www.cdlpv.org\/dtl\/wp-json\/wp\/v2\/media?parent=1612"}],"wp:term":[{"taxonomy":"category","embeddable":true,"href":"https:\/\/www.cdlpv.org\/dtl\/wp-json\/wp\/v2\/categories?post=1612"},{"taxonomy":"post_tag","embeddable":true,"href":"https:\/\/www.cdlpv.org\/dtl\/wp-json\/wp\/v2\/tags?post=1612"}],"curies":[{"name":"wp","href":"https:\/\/api.w.org\/{rel}","templated":true}]}}