{"id":1610,"date":"2010-05-19T13:04:53","date_gmt":"2010-05-19T12:04:53","guid":{"rendered":"http:\/\/www.cdlpv.org\/dtl\/?p=1610"},"modified":"2010-05-19T13:04:53","modified_gmt":"2010-05-19T12:04:53","slug":"seleccio-de-professorat-de-catala-en-universitats-foranies","status":"publish","type":"post","link":"https:\/\/www.cdlpv.org\/dtl\/2010\/05\/19\/seleccio-de-professorat-de-catala-en-universitats-foranies\/","title":{"rendered":"Selecci\u00f3 de professorat de catal\u00e0 en universitats for\u00e0nies"},"content":{"rendered":"<p>Marta Torres Vilatarsana ens envia a trav\u00e9s d&#8217;Infoz\u00e8fir la informaci\u00f3 seg\u00fcent:<\/p>\n<blockquote><p>\nS\u2019ha publicat al <em>Diari Oficial de la Generalitat<\/em> i al <em>Butllet\u00ed Oficial de les Illes Balears<\/em> la convocat\u00f2ria per a la selecci\u00f3 de professorat de catal\u00e0 a les universitats de fora del domini ling\u00fc\u00edstic de la llengua catalana per al curs 2010-2011.<\/p>\n<p>Amb aquesta convocat\u00f2ria s\u2019inicia el proc\u00e9s de selecci\u00f3 dels futurs professors de catal\u00e0 a les universitats en qu\u00e8 la pla\u00e7a ha quedat vacant, entre les quals s\u2019inclouen universitats d\u2019Alemanya, Cuba, Estat espanyol, Estats Units, Fran\u00e7a, \u00cdndia, Irlanda, It\u00e0lia, Regne Unit, Federaci\u00f3 Russa i S\u00e8rbia.<\/p>\n<p>El termini de presentaci\u00f3 de so&#320;licituds \u00e9s del 19 de maig al 2 de juny de 2010.<\/p>\n<p>Caldr\u00e0 que les persones aspirants emplenin el formulari en l\u00ednia disponible al web de l\u2019Institut Ramon Llull <a href=\"http:\/\/www.llull.cat\/_cat\/_convocatories\/lectors_formularis.shtml\" target=\"_blank\"><em>(http:\/\/www.llull.cat\/_cat\/_convocatories\/lectors_formularis.shtml)<\/em><\/a> on hi ha tamb\u00e9 les bases de la convocat\u00f2ria, i adjuntar la documentaci\u00f3 requerida.<\/p>\n<p>Font: \u00c0rea de Llengua i Universitats, Institut Ramon Llull\n<\/p><\/blockquote>\n","protected":false},"excerpt":{"rendered":"<p>Marta Torres Vilatarsana ens envia a trav\u00e9s d&#8217;Infoz\u00e8fir la informaci\u00f3 seg\u00fcent: S\u2019ha publicat al Diari Oficial de la Generalitat i al Butllet\u00ed Oficial de les Illes Balears la convocat\u00f2ria per a la selecci\u00f3 de professorat de catal\u00e0 a les universitats de fora del domini ling\u00fc\u00edstic de la llengua catalana per al curs 2010-2011. Amb aquesta [&hellip;]<\/p>\n","protected":false},"author":2,"featured_media":0,"comment_status":"open","ping_status":"open","sticky":false,"template":"","format":"standard","meta":{"footnotes":""},"categories":[43,45,1,15],"tags":[334,500],"class_list":["post-1610","post","type-post","status-publish","format-standard","hentry","category-concursos","category-ensenyament","category-general","category-laboral","tag-ofertes","tag-universitats"],"_links":{"self":[{"href":"https:\/\/www.cdlpv.org\/dtl\/wp-json\/wp\/v2\/posts\/1610","targetHints":{"allow":["GET"]}}],"collection":[{"href":"https:\/\/www.cdlpv.org\/dtl\/wp-json\/wp\/v2\/posts"}],"about":[{"href":"https:\/\/www.cdlpv.org\/dtl\/wp-json\/wp\/v2\/types\/post"}],"author":[{"embeddable":true,"href":"https:\/\/www.cdlpv.org\/dtl\/wp-json\/wp\/v2\/users\/2"}],"replies":[{"embeddable":true,"href":"https:\/\/www.cdlpv.org\/dtl\/wp-json\/wp\/v2\/comments?post=1610"}],"version-history":[{"count":0,"href":"https:\/\/www.cdlpv.org\/dtl\/wp-json\/wp\/v2\/posts\/1610\/revisions"}],"wp:attachment":[{"href":"https:\/\/www.cdlpv.org\/dtl\/wp-json\/wp\/v2\/media?parent=1610"}],"wp:term":[{"taxonomy":"category","embeddable":true,"href":"https:\/\/www.cdlpv.org\/dtl\/wp-json\/wp\/v2\/categories?post=1610"},{"taxonomy":"post_tag","embeddable":true,"href":"https:\/\/www.cdlpv.org\/dtl\/wp-json\/wp\/v2\/tags?post=1610"}],"curies":[{"name":"wp","href":"https:\/\/api.w.org\/{rel}","templated":true}]}}