{"id":1606,"date":"2010-05-13T17:07:59","date_gmt":"2010-05-13T16:07:59","guid":{"rendered":"http:\/\/www.cdlpv.org\/dtl\/?p=1606"},"modified":"2010-05-13T17:07:59","modified_gmt":"2010-05-13T16:07:59","slug":"el-senat-plurilingue","status":"publish","type":"post","link":"https:\/\/www.cdlpv.org\/dtl\/2010\/05\/13\/el-senat-plurilingue\/","title":{"rendered":"El Senat pluriling\u00fce"},"content":{"rendered":"<p>El diari <em>El Pa\u00eds<\/em> <a href=\"http:\/\/www.elpais.com\/articulo\/sociedad\/Benvinguts\/Senat\/espanyol\/elpepisoc\/20100512elpepisoc_1\/Tes\" target=\"_blank\">(12.05.2010)<\/a> publica un article de Pablo Xim\u00e9nez de Sandoval, \u00abBenvinguts al Senat espanyol\u00bb (t\u00edtol original), en qu\u00e8 es comenta la possibilitat que eixa \u00abcambra de representaci\u00f3 territorial\u00bb adopte la pr\u00e0ctica pluriling\u00fce:<\/p>\n<blockquote>\n<h2>Benvinguts al Senat espanyol<\/h2>\n<h3>La cambra alta es proposa generalitzar l&#8217;\u00fas de les lleng\u00fces cooficials \u2013 Ja es feia, per\u00f2 la idea \u00e9s titllada ara de rid\u00edcula i malbaratament<\/h3>\n<\/blockquote>\n<p>No cal dir que hi ha unes quantes perles ideol\u00f2giques que falsegen el que podria ser una exposici\u00f3 democr\u00e0ticament respectuosa. Per exemple, si enllacem estos dos fragments:<\/p>\n<blockquote><p>\nPodr\u00edem vore el president del govern i els ministres dues vegades al mes amb els auriculars posats. [&#8230;] En realitat, es tracta de parlar-lo en l&#8217;hemicicle, on el que es fa \u00e9s una representaci\u00f3 de les posicions de cadascun, no una negociaci\u00f3 pol\u00edtica. \u00c9s una q\u00fcesti\u00f3 simb\u00f2lica i els s\u00edmbols superen qualsevol cr\u00edtica per a aquells que els senten com a tal.\n<\/p><\/blockquote>\n<p>El \u00abs\u00edmbol\u00bb dels membres del govern amb auriculars representa la caiguda del seu s\u00edmbol ling\u00fc\u00edstic. Tanmateix, no en diuen s\u00edmbol, per\u00f2, en canvi, s\u00ed que ho s\u00f3n les posicions dels partits que ho demanen.<\/p>\n<blockquote><p>\nA m\u00e9s, el Tribunal Constitucional accepta certa extraterritorialitat de les lleng\u00fces en casos concrets.\n<\/p><\/blockquote>\n<p>Segons aix\u00f2, pot par\u00e9ixer els parlants de lleng\u00fces diferents del castell\u00e0 sembla que no en puguen fer \u00fas fora d&#8217;uns territoris concrets. B\u00e9, ho deixarem ac\u00ed, perqu\u00e8 es veu que el nivell de comprensi\u00f3 del que s\u00f3n les lleng\u00fces i els drets dels seus parlants no arriba mai al nivell democr\u00e0tic que hauria de tindre. La cirereta es pot trobar en un el titular d&#8217;una nota a banda: \u00abB\u00e8gica i Su\u00efssa: dos confusos precedents\u00bb. \u00bfConfusos? No precisament els su\u00efssos i els belgues.<\/p>\n","protected":false},"excerpt":{"rendered":"<p>El diari El Pa\u00eds (12.05.2010) publica un article de Pablo Xim\u00e9nez de Sandoval, \u00abBenvinguts al Senat espanyol\u00bb (t\u00edtol original), en qu\u00e8 es comenta la possibilitat que eixa \u00abcambra de representaci\u00f3 territorial\u00bb adopte la pr\u00e0ctica pluriling\u00fce: Benvinguts al Senat espanyol La cambra alta es proposa generalitzar l&#8217;\u00fas de les lleng\u00fces cooficials \u2013 Ja es feia, per\u00f2 [&hellip;]<\/p>\n","protected":false},"author":2,"featured_media":0,"comment_status":"open","ping_status":"open","sticky":false,"template":"","format":"standard","meta":{"footnotes":""},"categories":[36,4,1,19],"tags":[434],"class_list":["post-1606","post","type-post","status-publish","format-standard","hentry","category-allofobia","category-dret","category-general","category-politica","tag-senat"],"_links":{"self":[{"href":"https:\/\/www.cdlpv.org\/dtl\/wp-json\/wp\/v2\/posts\/1606","targetHints":{"allow":["GET"]}}],"collection":[{"href":"https:\/\/www.cdlpv.org\/dtl\/wp-json\/wp\/v2\/posts"}],"about":[{"href":"https:\/\/www.cdlpv.org\/dtl\/wp-json\/wp\/v2\/types\/post"}],"author":[{"embeddable":true,"href":"https:\/\/www.cdlpv.org\/dtl\/wp-json\/wp\/v2\/users\/2"}],"replies":[{"embeddable":true,"href":"https:\/\/www.cdlpv.org\/dtl\/wp-json\/wp\/v2\/comments?post=1606"}],"version-history":[{"count":0,"href":"https:\/\/www.cdlpv.org\/dtl\/wp-json\/wp\/v2\/posts\/1606\/revisions"}],"wp:attachment":[{"href":"https:\/\/www.cdlpv.org\/dtl\/wp-json\/wp\/v2\/media?parent=1606"}],"wp:term":[{"taxonomy":"category","embeddable":true,"href":"https:\/\/www.cdlpv.org\/dtl\/wp-json\/wp\/v2\/categories?post=1606"},{"taxonomy":"post_tag","embeddable":true,"href":"https:\/\/www.cdlpv.org\/dtl\/wp-json\/wp\/v2\/tags?post=1606"}],"curies":[{"name":"wp","href":"https:\/\/api.w.org\/{rel}","templated":true}]}}