{"id":1604,"date":"2010-05-13T09:05:47","date_gmt":"2010-05-13T08:05:47","guid":{"rendered":"http:\/\/www.cdlpv.org\/dtl\/?p=1604"},"modified":"2010-05-13T09:05:47","modified_gmt":"2010-05-13T08:05:47","slug":"la-secretaria-de-politica-linguistica-en-facebook-i-twitter","status":"publish","type":"post","link":"https:\/\/www.cdlpv.org\/dtl\/2010\/05\/13\/la-secretaria-de-politica-linguistica-en-facebook-i-twitter\/","title":{"rendered":"La Secretaria de Pol\u00edtica Ling\u00fc\u00edstica en Facebook i Twitter"},"content":{"rendered":"<p>El Departament de Pol\u00edtica Ling\u00fc\u00edstica de la Generalitat de Catalunya ens envia la informaci\u00f3 seg\u00fcent:<\/p>\n<blockquote>\n<h2>Llengua catalana a Facebook i Twitter<\/h2>\n<p>La Secretaria de Pol\u00edtica Ling\u00fc\u00edstica ha obert un perfil a Twitter <a href=\"http:\/\/www.twitter.com\/llenguacatalana\" target=\"_blank\"><em>(http:\/\/www.twitter.com\/llenguacatalana)<\/em><\/a> i una p\u00e0gina a Facebook <a href=\"http:\/\/www.facebook.com\/llenguacatalana\" target=\"_blank\"><em>(http:\/\/www.facebook.com\/llenguacatalana)<\/em><\/a> dedicats a la llengua catalana, amb l\u2019objectiu d\u2019incrementar la comunicaci\u00f3 amb persones que estan interessades en la llengua \u2014tamb\u00e9 els professionals de la comunicaci\u00f3, l\u2019ensenyament, l\u2019administraci\u00f3 i el m\u00f3n editorial\u2014 i fer una millor difusi\u00f3 de l\u2019activitat relacionada amb la pol\u00edtica ling\u00fc\u00edstica de la Generalitat.<\/p>\n<p>Alhora la Secretaria vol propiciar la cultura del di\u00e0leg amb la ciutadania i mostrar l\u2019orientaci\u00f3 al servei que ha adoptat. Aquesta orientaci\u00f3 ja ha quedat palesa amb la publicaci\u00f3 del cat\u00e0leg de serveis i la nova ordenaci\u00f3 de continguts del web Llengua catalana.<\/p>\n<p>Els nous espais a Facebook i Twitter s\u2019afegeixen a d\u2019altres que la Secretaria de Pol\u00edtica Ling\u00fc\u00edstica ja t\u00e9 en diverses xarxes socials, com el grup Encomana el catal\u00e0 <a href=\"http:\/\/www.facebook.com\/group.php?gid=50915757028\" target=\"_blank\"><em>(http:\/\/www.facebook.com\/group.php?gid=50915757028)<\/em><\/a> i la p\u00e0gina Cinema en catal\u00e0 <a href=\"http:\/\/www.facebook.com\/cinemaencatala\" target=\"_blank\"><em>(http:\/\/www.facebook.com\/cinemaencatala)<\/em><\/a> a Facebook mateix, i el canal de v\u00eddeos a Youtube <a href=\"http:\/\/www.youtube.com\/llengua\" target=\"_blank\"><em>(http:\/\/www.youtube.com\/llengua)<\/em><\/a> des d\u2019on s\u2019ofereixen, puntualment, tr\u00e0ilers i espots de pe&#320;l\u00edcules doblades al catal\u00e0 i altres continguts audiovisuals.<\/p>\n<p>Per accedir a tots aquests canals, podeu fer-ho des de la URL seg\u00fcent: <em><a href=\"http:\/\/www.gencat.cat\/llengua\/seguiunos\" target=\"_blank\">http:\/\/www.gencat.cat\/llengua\/seguiunos<\/a><\/em>\n<\/p><\/blockquote>\n","protected":false},"excerpt":{"rendered":"<p>El Departament de Pol\u00edtica Ling\u00fc\u00edstica de la Generalitat de Catalunya ens envia la informaci\u00f3 seg\u00fcent: Llengua catalana a Facebook i Twitter La Secretaria de Pol\u00edtica Ling\u00fc\u00edstica ha obert un perfil a Twitter (http:\/\/www.twitter.com\/llenguacatalana) i una p\u00e0gina a Facebook (http:\/\/www.facebook.com\/llenguacatalana) dedicats a la llengua catalana, amb l\u2019objectiu d\u2019incrementar la comunicaci\u00f3 amb persones que estan interessades en [&hellip;]<\/p>\n","protected":false},"author":2,"featured_media":0,"comment_status":"open","ping_status":"open","sticky":false,"template":"","format":"standard","meta":{"footnotes":""},"categories":[2,1,12],"tags":[249],"class_list":["post-1604","post","type-post","status-publish","format-standard","hentry","category-comunicacio","category-general","category-informatica","tag-internet"],"_links":{"self":[{"href":"https:\/\/www.cdlpv.org\/dtl\/wp-json\/wp\/v2\/posts\/1604","targetHints":{"allow":["GET"]}}],"collection":[{"href":"https:\/\/www.cdlpv.org\/dtl\/wp-json\/wp\/v2\/posts"}],"about":[{"href":"https:\/\/www.cdlpv.org\/dtl\/wp-json\/wp\/v2\/types\/post"}],"author":[{"embeddable":true,"href":"https:\/\/www.cdlpv.org\/dtl\/wp-json\/wp\/v2\/users\/2"}],"replies":[{"embeddable":true,"href":"https:\/\/www.cdlpv.org\/dtl\/wp-json\/wp\/v2\/comments?post=1604"}],"version-history":[{"count":0,"href":"https:\/\/www.cdlpv.org\/dtl\/wp-json\/wp\/v2\/posts\/1604\/revisions"}],"wp:attachment":[{"href":"https:\/\/www.cdlpv.org\/dtl\/wp-json\/wp\/v2\/media?parent=1604"}],"wp:term":[{"taxonomy":"category","embeddable":true,"href":"https:\/\/www.cdlpv.org\/dtl\/wp-json\/wp\/v2\/categories?post=1604"},{"taxonomy":"post_tag","embeddable":true,"href":"https:\/\/www.cdlpv.org\/dtl\/wp-json\/wp\/v2\/tags?post=1604"}],"curies":[{"name":"wp","href":"https:\/\/api.w.org\/{rel}","templated":true}]}}