{"id":16,"date":"2006-11-05T15:29:13","date_gmt":"2006-11-05T13:29:13","guid":{"rendered":"http:\/\/www.cdlpv.org\/dtl\/?p=16"},"modified":"2006-11-05T15:29:13","modified_gmt":"2006-11-05T13:29:13","slug":"censura-i-autocensura-4","status":"publish","type":"post","link":"https:\/\/www.cdlpv.org\/dtl\/2006\/11\/05\/censura-i-autocensura-4\/","title":{"rendered":"Censura i autocensura (4)"},"content":{"rendered":"<p>Abans de cloure, puc dir amb un cert grau de satisfacci\u00f3 que en Migjorn es va establir un petit debat racional i ben confrontat amb altres companys t\u00e8cnics.<\/p>\n<p>Per contra, i continuant amb la situaci\u00f3 en InfoMigjorn, davant del caire agre de la invectiva dels dos col\u00b7legues aparentment ofesos i despr\u00e9s de la sorpresa inicial, vaig decidir no detallar al meu torn les aventures i carreres professionals dels dos t\u00e8cnics, no polemitzar innecess\u00e0riament sobre les mitges veritats amb qu\u00e8 farcien el seu escrit i ni tan sols comentar les seues f\u00edlies o f\u00f2bies \u2014que ells poden avaluar \u00abcl\u00ednicamet\u00bb\u2014, sin\u00f3 m\u00e9s aviat aclarir algun punt que havien passat per alt o que aportaven descontextualitzat (en este sentit, comentaven fets esdevinguts en 1998 i en el 2002), a m\u00e9s d&#8217;indicar que si no els esmentava amb noms i cognoms era perqu\u00e8 els tinc un m\u00ednim respecte com a persones i no considere que calga barrejar-hi impertin\u00e8ncies i malsons personals.  Per tot aix\u00f2, vaig redactar una m\u00ednima r\u00e8plica:<\/p>\n<blockquote>\n<p>\nVeig que uns meus antics companys d&#8217;horari, que no de faena, tamb\u00e9 s&#8217;han apuntat a uns lleures diferents dels que acostumaven. Em llegir\u00e9 la invectiva que m&#8217;adrecen.<\/p>\n<p>Al capdavall, si els ha picat alguna cosa, ells mateixos, ja que jo no he acusat de manera \u00aban\u00f2nima\u00bb, at\u00e9s que sempre firme, sin\u00f3 que no he esmentat noms de persones, perqu\u00e8 pense que tots ens podem equivocar, per\u00f2 que els errors i les malifetes no s&#8217;han d&#8217;amagar, per tal de no repetir-les.<\/p>\n<p>Els fets estan documentats i les den\u00fancies fetes i reiterades. Si se n&#8217;assabenten ara i els fa tanta gr\u00e0cia, doncs, supose que devien estar ocupats en altres coses que els devien interessar m\u00e9s, com per exemple riure&#8217;s dels companys que es reunien despr\u00e9s de la faena per a tractar els problemes professionals que ten\u00edem.<\/p>\n<p>Al cap i a la fi, m&#8217;alegre d&#8217;haver-los despertat alguna passi\u00f3 &#8211;amb massa retard, \u00e9s cert&#8211;.<\/p>\n<p>D&#8217;altra banda, em sap greu no haver parlat en \u00abuna\u00bb reuni\u00f3. Certament, no vaig fer ben fet i em sap greu des que es va acabar aquella reuni\u00f3. Al capdavall, alguns vam continuar intentant fer la faena amb professionalitat i altres van fer altres coses.<\/p>\n<p>Com a cosa ja anecd\u00f2tica puc dir que jo vaig anar fora del DOGV, i no vaig ser adm\u00e9s a reincorporar-m&#8217;hi quan em corresponia d&#8217;acord amb la borsa de treball. Degu\u00e9 ser per callar en aquella reuni\u00f3.<\/p>\n<p>Certament, no s\u00f3c tan gallard com ells: fes el que dic, no el que faig, oi?<\/p>\n<p>Doncs, aix\u00f2, remena, nena&#8230; Ho deixe c\u00f3rrer ac\u00ed.<\/p>\n<p>Fins a l&#8217;altra.\n<\/p>\n<\/blockquote>\n<p>El debat ha estat definitivament traslladat a Migjorn, per\u00f2 no ser\u00e0 un debat \u2014espere\u2014 sobre la precarietat del meu estat \u00abpsicoanal\u00edtic\u00bb (si \u00e9s que existix res d&#8217;aix\u00f2), sin\u00f3 sobre la censura, les pressions, els suggeriments i la tasca dels t\u00e8cnics ling\u00fc\u00edstics, sotmesa a precarietats i percepcions err\u00f2nies.<\/p>\n<p>Naturalment, este <a title=\"Diari per a t\u00e8cnics ling\u00fc\ufffdstics\">DTL<\/a> tamb\u00e9 hauria de poder acollir i vehicular les reflexions sobre estos mateixos temes.<\/p>\n<hr \/>\n<p>\n\u2014 Una petita aportaci\u00f3 sobre el tema: <a href=\"http:\/\/documents.site.voila.fr\/trobadacomunic.html\">comunicaci\u00f3<\/a> per a la trobada de l&#8217;AVL (2005).\n<\/p>\n<ol>\n<\/ol>\n","protected":false},"excerpt":{"rendered":"<p>Abans de cloure, puc dir amb un cert grau de satisfacci\u00f3 que en Migjorn es va establir un petit debat racional i ben confrontat amb altres companys t\u00e8cnics. Per contra, i continuant amb la situaci\u00f3 en InfoMigjorn, davant del caire agre de la invectiva dels dos col\u00b7legues aparentment ofesos i despr\u00e9s de la sorpresa inicial, [&hellip;]<\/p>\n","protected":false},"author":2,"featured_media":0,"comment_status":"open","ping_status":"open","sticky":false,"template":"","format":"standard","meta":{"footnotes":""},"categories":[4,1,15,47,19,31],"tags":[],"class_list":["post-16","post","type-post","status-publish","format-standard","hentry","category-dret","category-general","category-laboral","category-planificacio","category-politica","category-tmpl"],"_links":{"self":[{"href":"https:\/\/www.cdlpv.org\/dtl\/wp-json\/wp\/v2\/posts\/16","targetHints":{"allow":["GET"]}}],"collection":[{"href":"https:\/\/www.cdlpv.org\/dtl\/wp-json\/wp\/v2\/posts"}],"about":[{"href":"https:\/\/www.cdlpv.org\/dtl\/wp-json\/wp\/v2\/types\/post"}],"author":[{"embeddable":true,"href":"https:\/\/www.cdlpv.org\/dtl\/wp-json\/wp\/v2\/users\/2"}],"replies":[{"embeddable":true,"href":"https:\/\/www.cdlpv.org\/dtl\/wp-json\/wp\/v2\/comments?post=16"}],"version-history":[{"count":0,"href":"https:\/\/www.cdlpv.org\/dtl\/wp-json\/wp\/v2\/posts\/16\/revisions"}],"wp:attachment":[{"href":"https:\/\/www.cdlpv.org\/dtl\/wp-json\/wp\/v2\/media?parent=16"}],"wp:term":[{"taxonomy":"category","embeddable":true,"href":"https:\/\/www.cdlpv.org\/dtl\/wp-json\/wp\/v2\/categories?post=16"},{"taxonomy":"post_tag","embeddable":true,"href":"https:\/\/www.cdlpv.org\/dtl\/wp-json\/wp\/v2\/tags?post=16"}],"curies":[{"name":"wp","href":"https:\/\/api.w.org\/{rel}","templated":true}]}}