{"id":1577,"date":"2010-04-29T12:35:48","date_gmt":"2010-04-29T11:35:48","guid":{"rendered":"http:\/\/www.cdlpv.org\/dtl\/?p=1577"},"modified":"2010-04-29T12:35:48","modified_gmt":"2010-04-29T11:35:48","slug":"idees-valencianistes-i-sobre-politica-linguistica","status":"publish","type":"post","link":"https:\/\/www.cdlpv.org\/dtl\/2010\/04\/29\/idees-valencianistes-i-sobre-politica-linguistica\/","title":{"rendered":"Idees valencianistes i sobre pol\u00edtica ling\u00fc\u00edstica"},"content":{"rendered":"<p>El diari <em>Levante<\/em> <a href=\"http:\/\/www.levante-emv.com\/comunitat-valenciana\/2010\/04\/24\/cuestion-valenciano-lengua-hable\/699188.html\" target=\"_blank\">(27.04.2010)<\/a> extrau alguns fragments de la intervenci\u00f3 (21.04.2010) de la companya Nathalie Torres en el seminari \u00abDebat sobre idees valencianistes\u00bb  organitzat per l&#8217;Associaci\u00f3 C\u00edvica Valenciana Tirant lo Blanc i el sindicat Bloc d&#8217;Estudiants Agermanats en la Universitat de Val\u00e8ncia. En resum:<\/p>\n<blockquote>\n<h2>\u00abLa cuesti\u00f3n no es qu\u00e9 valenciano se ha de usar, sino que la lengua se hable\u00bb<\/h2>\n<h3>La ling\u00fcista Nathalie Torres exige el fin de las discusiones sobre el modelo ling\u00fc\u00edstico y la implementaci\u00f3n de pol\u00edticas que hagan del valenciano una herramienta pr\u00e1ctica y dignificada de comunicaci\u00f3n.<\/h3>\n<\/blockquote>\n","protected":false},"excerpt":{"rendered":"<p>El diari Levante (27.04.2010) extrau alguns fragments de la intervenci\u00f3 (21.04.2010) de la companya Nathalie Torres en el seminari \u00abDebat sobre idees valencianistes\u00bb organitzat per l&#8217;Associaci\u00f3 C\u00edvica Valenciana Tirant lo Blanc i el sindicat Bloc d&#8217;Estudiants Agermanats en la Universitat de Val\u00e8ncia. En resum: \u00abLa cuesti\u00f3n no es qu\u00e9 valenciano se ha de usar, sino [&hellip;]<\/p>\n","protected":false},"author":2,"featured_media":0,"comment_status":"open","ping_status":"open","sticky":false,"template":"","format":"standard","meta":{"footnotes":""},"categories":[1,47,27],"tags":[376],"class_list":["post-1577","post","type-post","status-publish","format-standard","hentry","category-general","category-planificacio","category-sociolinguistica","tag-politica-linguistica"],"_links":{"self":[{"href":"https:\/\/www.cdlpv.org\/dtl\/wp-json\/wp\/v2\/posts\/1577","targetHints":{"allow":["GET"]}}],"collection":[{"href":"https:\/\/www.cdlpv.org\/dtl\/wp-json\/wp\/v2\/posts"}],"about":[{"href":"https:\/\/www.cdlpv.org\/dtl\/wp-json\/wp\/v2\/types\/post"}],"author":[{"embeddable":true,"href":"https:\/\/www.cdlpv.org\/dtl\/wp-json\/wp\/v2\/users\/2"}],"replies":[{"embeddable":true,"href":"https:\/\/www.cdlpv.org\/dtl\/wp-json\/wp\/v2\/comments?post=1577"}],"version-history":[{"count":0,"href":"https:\/\/www.cdlpv.org\/dtl\/wp-json\/wp\/v2\/posts\/1577\/revisions"}],"wp:attachment":[{"href":"https:\/\/www.cdlpv.org\/dtl\/wp-json\/wp\/v2\/media?parent=1577"}],"wp:term":[{"taxonomy":"category","embeddable":true,"href":"https:\/\/www.cdlpv.org\/dtl\/wp-json\/wp\/v2\/categories?post=1577"},{"taxonomy":"post_tag","embeddable":true,"href":"https:\/\/www.cdlpv.org\/dtl\/wp-json\/wp\/v2\/tags?post=1577"}],"curies":[{"name":"wp","href":"https:\/\/api.w.org\/{rel}","templated":true}]}}