{"id":157,"date":"2007-08-18T00:19:09","date_gmt":"2007-08-17T23:19:09","guid":{"rendered":"http:\/\/www.cdlpv.org\/dtl\/?p=157"},"modified":"2007-08-18T00:19:09","modified_gmt":"2007-08-17T23:19:09","slug":"dades-del-2005-sobre-lus-del-catala-al-pais-valencia","status":"publish","type":"post","link":"https:\/\/www.cdlpv.org\/dtl\/2007\/08\/18\/dades-del-2005-sobre-lus-del-catala-al-pais-valencia\/","title":{"rendered":"Dades del 2005 sobre l&#8217;\u00fas del catal\u00e0 al Pa\u00eds Valenci\u00e0"},"content":{"rendered":"<p>Deu ser a causa de l&#8217;estiu: alg\u00fa ha tret de la nevera un article (o una revelaci\u00f3 ext\u00e0tica, tractant-se del Consell) sobre el coneixement del valenci\u00e0 (que hem vist en el diari <em>El Pa\u00eds<\/em> del <a href=\"http:\/\/www.elpais.com\/articulo\/Comunidad\/Valenciana\/jovenes\/24\/anos\/dominan\/valenciano\/elpepuespval\/20070816elpval_15\/Tes\" target=\"_blank\">16.08.2007<\/a>). Les dades s\u00f3n del 2005 i, pel que he vist, concorden amb les que aparegueren aquell mateix any (veg. <a href=\"http:\/\/www.geocities.com\/golls.geo\/Valencia\/Taula.htm\" target=\"_blank\">\u00abDades sobre el catal\u00e0 al Pa\u00eds Valenci\u00e0\u00bb<\/a>). Tan sols sembla que quede discordant i m\u00e9s actual el comentari final de la Generalitat, comentari que ja vam tractar i contextualitzar en una entrada anterior (<a href=\"http:\/\/www.cdlpv.org\/dtl\/?p=143\">\u00ab\u00c9s notori que Font de Mora trau poc la llengua en valenci\u00e0\u00bb<\/a>).<\/p>\n<p>Cal, doncs, contextualitzar les dades (insistixc: <a href=\"http:\/\/www.geocities.com\/golls.geo\/Valencia\/Taula.htm\" target=\"_blank\">\u00abDades sobre el catal\u00e0 al Pa\u00eds Valenci\u00e0\u00bb<\/a>). Fet aix\u00f2, ac\u00ed teniu la nostra versi\u00f3 de l&#8217;article (tradu\u00eft amb l&#8217;ajuda de l&#8217;<a href=\"http:\/\/www.internostrum.com\/\">Internostrum<\/a>):<\/p>\n<blockquote>\n<h2>Els joves entre 15 i 24 anys s\u00f3n els que m\u00e9s dominen el valenci\u00e0<\/h2>\n<h5><span class=\"versaleta\">efe<\/span> &#8211; Val\u00e8ncia &#8211; 16.08.2007<\/h5>\n<p>Els joves d&#8217;entre 15 i 24 anys s\u00f3n qui m\u00e9s dominen el valenci\u00e0, segons l&#8217;<em>Enquesta d&#8217;\u00fas i coneixement del valenci\u00e0 de 2005<\/em> de la Generalitat, que reflectix que nom\u00e9s el 3,8&nbsp;% d&#8217;este grup no l&#8217;ent\u00e9n, segons va informar ahir el Consell. L&#8217;enquesta revela que les persones nascudes en la d\u00e8cada dels noranta i escolaritzades des de 1996, presenten un resultat \u00abmolt bo de coneixement i \u00fas del valenci\u00e0\u00bb.<\/p>\n<p>Les dades obtingudes en 2005 en comparaci\u00f3 dels resultats d&#8217;anys anteriors mostren que abans eren les persones majors els grups majoritaris en l&#8217;\u00fas i coneixement de l&#8217;idioma, mentre que ara s\u00f3n els joves els qui dominen totes les habilitats (comprensi\u00f3, lectura, parla i escriptura).<\/p>\n<p>En el grup de joves d&#8217;entre 15 i 24 anys \u00abnom\u00e9s el 3,8&nbsp;% no ent\u00e9n el valenci\u00e0 enfront del 8,1&nbsp;% del grup de 65 anys o m\u00e9s\u00bb. El 79,2&nbsp;% dels joves ent\u00e9n \u00abbastant b\u00e9\u00bb o \u00abperfectament\u00bb el valenci\u00e0, el que contrasta amb el 69,4&nbsp;% dels de 65 anys o m\u00e9s.<\/p>\n<p>A m\u00e9s, el 56,8&nbsp;% parla \u00abbastant b\u00e9\u00bb o \u00abperfectament\u00bb el valenci\u00e0. Nom\u00e9s l&#8217;11,2&nbsp;% afirma que no el llig, enfront del 30,4&nbsp;% del grup de 65 anys. Aix\u00ed mateix, l&#8217;an\u00e0lisi dels resultats de l&#8217;enquesta demostra que el grup que millors resultats obt\u00e9 en tots els aspectes del valenci\u00e0 \u00e9s el de titulats universitaris.<\/p>\n<p>\u00abDe totes estes dades es dedu\u00efx que el sistema educatiu ha aconseguit que el valenci\u00e0 siga una llengua que es llig i s&#8217;escriu amb normalitat\u00bb, va indicar la Generalitat, que va afegir que el passat curs 169.853 alumnes van estudiar en valenci\u00e0, dels quals, 122.241 pertanyien a prim\u00e0ria, i 47.612 a secund\u00e0ria.\n<\/p><\/blockquote>\n","protected":false},"excerpt":{"rendered":"<p>Deu ser a causa de l&#8217;estiu: alg\u00fa ha tret de la nevera un article (o una revelaci\u00f3 ext\u00e0tica, tractant-se del Consell) sobre el coneixement del valenci\u00e0 (que hem vist en el diari El Pa\u00eds del 16.08.2007). Les dades s\u00f3n del 2005 i, pel que he vist, concorden amb les que aparegueren aquell mateix any (veg. [&hellip;]<\/p>\n","protected":false},"author":2,"featured_media":0,"comment_status":"open","ping_status":"open","sticky":false,"template":"","format":"standard","meta":{"footnotes":""},"categories":[45,10,1,47,19,24],"tags":[],"class_list":["post-157","post","type-post","status-publish","format-standard","hentry","category-ensenyament","category-formacio","category-general","category-planificacio","category-politica","category-requisit-linguistic"],"_links":{"self":[{"href":"https:\/\/www.cdlpv.org\/dtl\/wp-json\/wp\/v2\/posts\/157","targetHints":{"allow":["GET"]}}],"collection":[{"href":"https:\/\/www.cdlpv.org\/dtl\/wp-json\/wp\/v2\/posts"}],"about":[{"href":"https:\/\/www.cdlpv.org\/dtl\/wp-json\/wp\/v2\/types\/post"}],"author":[{"embeddable":true,"href":"https:\/\/www.cdlpv.org\/dtl\/wp-json\/wp\/v2\/users\/2"}],"replies":[{"embeddable":true,"href":"https:\/\/www.cdlpv.org\/dtl\/wp-json\/wp\/v2\/comments?post=157"}],"version-history":[{"count":0,"href":"https:\/\/www.cdlpv.org\/dtl\/wp-json\/wp\/v2\/posts\/157\/revisions"}],"wp:attachment":[{"href":"https:\/\/www.cdlpv.org\/dtl\/wp-json\/wp\/v2\/media?parent=157"}],"wp:term":[{"taxonomy":"category","embeddable":true,"href":"https:\/\/www.cdlpv.org\/dtl\/wp-json\/wp\/v2\/categories?post=157"},{"taxonomy":"post_tag","embeddable":true,"href":"https:\/\/www.cdlpv.org\/dtl\/wp-json\/wp\/v2\/tags?post=157"}],"curies":[{"name":"wp","href":"https:\/\/api.w.org\/{rel}","templated":true}]}}