{"id":1563,"date":"2010-04-20T11:22:23","date_gmt":"2010-04-20T10:22:23","guid":{"rendered":"http:\/\/www.cdlpv.org\/dtl\/?p=1563"},"modified":"2010-04-20T11:22:23","modified_gmt":"2010-04-20T10:22:23","slug":"la-pederastia-i-les-murmuracions","status":"publish","type":"post","link":"https:\/\/www.cdlpv.org\/dtl\/2010\/04\/20\/la-pederastia-i-les-murmuracions\/","title":{"rendered":"La peder\u00e0stia i les murmuracions"},"content":{"rendered":"<p>La companya Imma Navarro, t\u00e8cnica ling\u00fc\u00edstica de la Generalitat valenciana, public\u00e0 un article d&#8217;opini\u00f3 en el diari <em>Levante<\/em> <a herf=\"http:\/\/www.levante-emv.com\/opinion\/2010\/04\/16\/semantica-i-papa\/696646.html\" target=\"blank\">(31.03.2010)<\/a>, article interessant des de diversos punts de vista:<\/p>\n<blockquote>\n<h2>La sem\u00e0ntica i el papa<\/h2>\n<h3>Immaculada Navarro Tom\u00e0s<\/h3>\n<p>El papa Benet <span class=\"versaleta\">xvi<\/span>, al serm\u00f3 del Diumenge de Rams, digu\u00e9 que D\u00e9u d\u00f3na for\u00e7a per a \u00abno dejarse intimidar por las murmuraciones de las opiniones dominantes\u00bb. Segons el diccionari de la Real Academia Espa\u00f1ola, una de les acepcions del terme \u00abmurmurar\u00bb \u00e9s \u00abhablar entre dientes, manifestando queja o disgusto por algo\u00bb, i una de les acepcions del teme \u00abdenunciar\u00bb \u00e9s \u00abdar a la autoridad judicial o administrativa parte o noticia de una actuaci\u00f3n il\u00edcita o de un suceso irregular\u00bb. A trav\u00e9s de senzills exemples entendrem com la sinon\u00edmia entre <em>den\u00fancia<\/em> i <em>murmuraci\u00f3<\/em> resulta impossible: imagine vost\u00e9 que la policia local de tr\u00e0nsit li posa una \u00abmurmuraci\u00f3\u00bb de 300 euros per conduir sota els efectes de l&#8217;alcohol\u2026 O que el cas G\u00fcrtel es destap\u00e0 arran d&#8217;una \u00abmurmuraci\u00f3\u00bb interposada per un ex regidor del <span class=\"versaleta\">pp<\/span>, o que durant una missa els assitents responen a les interpel\u00b7lacions del capell\u00e0 \u00abdenunciant\u00bb una oraci\u00f3.<\/p>\n<p>\u00bfResulta, doncs, que al serm\u00f3 s&#8217;utilitzen eufemismes i les den\u00fancies per abusos sexuals a menors que coneixem gr\u00e0cies als mitjans de comunicaci\u00f3, s&#8217;hi anomenen \u00abmurmuraciones\u00bb, de la mateixa manera que el prelat parla de \u00abefebofilia\u00bb, terme que evoca la imatge d&#8217;un efebus-adolesecent reguapo, que res t\u00e9 a veure amb la imatge que evoca la paraula \u00abpederastia\u00bb? Aleshores, el papa, quan era Ratzinguer, que no papa, i, segons explica el <em>New York Times<\/em>, tap\u00e0 a un sacerdot nordameric\u00e0 que abus\u00e0 sexualment d&#8217;unes 200 persones menors d&#8217;edat sordes, quin acte va cometre? Sordo-sordoefebof\u00edlia? Ni aquest terme, ni el terme \u00abefebofilia\u00bb no consten, de moment, al diccionari de la Real Academia Espa\u00f1ola.<\/p>\n<p>En canvi, el terme <em>pederastia<\/em> s\u00ed que el recull el diccionari de la RAE: \u00abAbuso sexual cometido con ni\u00f1os\u00bb, i resulta que els abusos sexuals s\u00f3n un delicte incl\u00f2s al t\u00edtol VIII del cap\u00edtol II (art. 181 al 183) de la Llei org\u00e0nica 10\/1995, de 23 de novembre del Codi penal. I el Codi penal no murmura, tipifica delictes i condemna.\n<\/p><\/blockquote>\n","protected":false},"excerpt":{"rendered":"<p>La companya Imma Navarro, t\u00e8cnica ling\u00fc\u00edstica de la Generalitat valenciana, public\u00e0 un article d&#8217;opini\u00f3 en el diari Levante (31.03.2010), article interessant des de diversos punts de vista: La sem\u00e0ntica i el papa Immaculada Navarro Tom\u00e0s El papa Benet xvi, al serm\u00f3 del Diumenge de Rams, digu\u00e9 que D\u00e9u d\u00f3na for\u00e7a per a \u00abno dejarse intimidar [&hellip;]<\/p>\n","protected":false},"author":2,"featured_media":0,"comment_status":"open","ping_status":"open","sticky":false,"template":"","format":"standard","meta":{"footnotes":""},"categories":[4,1,30],"tags":[],"class_list":["post-1563","post","type-post","status-publish","format-standard","hentry","category-dret","category-general","category-terminologia"],"_links":{"self":[{"href":"https:\/\/www.cdlpv.org\/dtl\/wp-json\/wp\/v2\/posts\/1563","targetHints":{"allow":["GET"]}}],"collection":[{"href":"https:\/\/www.cdlpv.org\/dtl\/wp-json\/wp\/v2\/posts"}],"about":[{"href":"https:\/\/www.cdlpv.org\/dtl\/wp-json\/wp\/v2\/types\/post"}],"author":[{"embeddable":true,"href":"https:\/\/www.cdlpv.org\/dtl\/wp-json\/wp\/v2\/users\/2"}],"replies":[{"embeddable":true,"href":"https:\/\/www.cdlpv.org\/dtl\/wp-json\/wp\/v2\/comments?post=1563"}],"version-history":[{"count":0,"href":"https:\/\/www.cdlpv.org\/dtl\/wp-json\/wp\/v2\/posts\/1563\/revisions"}],"wp:attachment":[{"href":"https:\/\/www.cdlpv.org\/dtl\/wp-json\/wp\/v2\/media?parent=1563"}],"wp:term":[{"taxonomy":"category","embeddable":true,"href":"https:\/\/www.cdlpv.org\/dtl\/wp-json\/wp\/v2\/categories?post=1563"},{"taxonomy":"post_tag","embeddable":true,"href":"https:\/\/www.cdlpv.org\/dtl\/wp-json\/wp\/v2\/tags?post=1563"}],"curies":[{"name":"wp","href":"https:\/\/api.w.org\/{rel}","templated":true}]}}