{"id":1560,"date":"2010-04-16T20:36:38","date_gmt":"2010-04-16T19:36:38","guid":{"rendered":"http:\/\/www.cdlpv.org\/dtl\/?p=1560"},"modified":"2010-04-16T20:36:38","modified_gmt":"2010-04-16T19:36:38","slug":"requisit-de-competencia-linguistica","status":"publish","type":"post","link":"https:\/\/www.cdlpv.org\/dtl\/2010\/04\/16\/requisit-de-competencia-linguistica\/","title":{"rendered":"Requisit de compet\u00e8ncia ling\u00fc\u00edstica"},"content":{"rendered":"<p>El butllet\u00ed <em>Not\u00edcia Jur\u00eddicas<\/em> ens envia la informaci\u00f3 seg\u00fcent:<\/p>\n<blockquote><p>\n<a href=\"http:\/\/noticias.juridicas.com\/base_datos\/Admin\/o896-2010-fom.html\" target=\"_blank\">Orden FOM\/896\/2010<\/a>, de 6 de abril, por la que se regula el requisito de competencia ling\u00fc\u00edstica y su evaluaci\u00f3n (<span class=\"versaleta\"><em>boe<\/em><\/span> n\u00fam. 89, de 13 d&#8217;abril de 2010)<\/p>\n<p>L&#8217;Organitzaci\u00f3 d&#8217;Aviaci\u00f3 Civil Internacional va introduir, mitjan\u00e7ant l&#8217;aprovaci\u00f3 de l&#8217;esmena 164 de l&#8217;annex 1 (llic\u00e8ncies al personal) del Conveni sobre aviaci\u00f3 civil internacional de 7 de desembre de 1944, el requisit de compet\u00e8ncia ling\u00fc\u00edstica per a pilots d&#8217;avi\u00f3 i helic\u00f2pter i per als controladors de tr\u00e0nsit aeri. Aix\u00f2 suposa l&#8217;exig\u00e8ncia de parlar i comprendre l&#8217;angl\u00e9s o l&#8217;idioma utilitzat per l&#8217;estaci\u00f3 terrestre amb qu\u00e8 es produ\u00efxen les comunicacions radiotelef\u00f2niques.\n<\/p><\/blockquote>\n<p>I podem llegir en l&#8217;ordre esmentada:<\/p>\n<blockquote><p>\nEn Espanya, exclusivament es practicaran anotacions del nivell de compet\u00e8ncia ling\u00fc\u00edstica en angl\u00e9s i en castell\u00e0.\n<\/p><\/blockquote>\n<p>Era previsible, \u00bfno?, aix\u00f2 \u00e9s eixa Espanya, \u00bfno?<\/p>\n","protected":false},"excerpt":{"rendered":"<p>El butllet\u00ed Not\u00edcia Jur\u00eddicas ens envia la informaci\u00f3 seg\u00fcent: Orden FOM\/896\/2010, de 6 de abril, por la que se regula el requisito de competencia ling\u00fc\u00edstica y su evaluaci\u00f3n (boe n\u00fam. 89, de 13 d&#8217;abril de 2010) L&#8217;Organitzaci\u00f3 d&#8217;Aviaci\u00f3 Civil Internacional va introduir, mitjan\u00e7ant l&#8217;aprovaci\u00f3 de l&#8217;esmena 164 de l&#8217;annex 1 (llic\u00e8ncies al personal) del Conveni [&hellip;]<\/p>\n","protected":false},"author":2,"featured_media":0,"comment_status":"open","ping_status":"open","sticky":false,"template":"","format":"standard","meta":{"footnotes":""},"categories":[4,1,15,24],"tags":[69],"class_list":["post-1560","post","type-post","status-publish","format-standard","hentry","category-dret","category-general","category-laboral","category-requisit-linguistic","tag-aviacio"],"_links":{"self":[{"href":"https:\/\/www.cdlpv.org\/dtl\/wp-json\/wp\/v2\/posts\/1560","targetHints":{"allow":["GET"]}}],"collection":[{"href":"https:\/\/www.cdlpv.org\/dtl\/wp-json\/wp\/v2\/posts"}],"about":[{"href":"https:\/\/www.cdlpv.org\/dtl\/wp-json\/wp\/v2\/types\/post"}],"author":[{"embeddable":true,"href":"https:\/\/www.cdlpv.org\/dtl\/wp-json\/wp\/v2\/users\/2"}],"replies":[{"embeddable":true,"href":"https:\/\/www.cdlpv.org\/dtl\/wp-json\/wp\/v2\/comments?post=1560"}],"version-history":[{"count":0,"href":"https:\/\/www.cdlpv.org\/dtl\/wp-json\/wp\/v2\/posts\/1560\/revisions"}],"wp:attachment":[{"href":"https:\/\/www.cdlpv.org\/dtl\/wp-json\/wp\/v2\/media?parent=1560"}],"wp:term":[{"taxonomy":"category","embeddable":true,"href":"https:\/\/www.cdlpv.org\/dtl\/wp-json\/wp\/v2\/categories?post=1560"},{"taxonomy":"post_tag","embeddable":true,"href":"https:\/\/www.cdlpv.org\/dtl\/wp-json\/wp\/v2\/tags?post=1560"}],"curies":[{"name":"wp","href":"https:\/\/api.w.org\/{rel}","templated":true}]}}