{"id":156,"date":"2007-08-17T10:40:39","date_gmt":"2007-08-17T09:40:39","guid":{"rendered":"http:\/\/www.cdlpv.org\/dtl\/?p=156"},"modified":"2007-08-17T10:40:39","modified_gmt":"2007-08-17T09:40:39","slug":"la-llengua-sancionada","status":"publish","type":"post","link":"https:\/\/www.cdlpv.org\/dtl\/2007\/08\/17\/la-llengua-sancionada\/","title":{"rendered":"La llengua sancionada"},"content":{"rendered":"<p>Hi ha qui diu que vol defensar els drets dels ciutadans i per aix\u00f2 insistix en els deures que han de complir tant els ciutadans, les empreses i les administracions p\u00fabliques. Per exemple, l&#8217;etiquetatge dels productes ha de ser en unes lleng\u00fces determinades, la senyalitzaci\u00f3 vi\u00e0ria tamb\u00e9, l&#8217;ensenyament s&#8217;ha de vehicular en unes lleng\u00fces o altres, el funcionariat ha de poder atendre els ciutadans (i la seua faena) en unes lleng\u00fces concretes, els bars i restaurants han d&#8217;oferir i mantindre uns nivells sanitaris determinats&#8230; Tot aix\u00f2 varia una mica (quant a les lleng\u00fces i altres coses) d&#8217;uns llocs a uns altres al llarg de la Uni\u00f3 Europea (i a la resta del m\u00f3n!). El que no sol variar tant \u00e9s el fet que quan no es complixen els deures, hi ha sancions.<\/p>\n<p>Curiosament &mdash;eufemisme&mdash;, al Pa\u00eds Valenci\u00e0 les sancions s\u00f3n una cosa arbitr\u00e0ria o discrecional, tant pel que fa a q\u00fcestions ling\u00fc\u00edstiques o com a la mort de treballadors i ciutadans: l&#8217;administraci\u00f3 auton\u00f2mica &mdash;on la professionalitat \u00e9s vigilada i reprimida pol\u00edticament&mdash; no sol protegir els drets dels ciutadans, sin\u00f3 els interessos pol\u00edtics i propagand\u00edstics del partit del govern actual (<span class=\"versaleta\">pp<\/span>). Aix\u00f2 es fa extensiu, a la resta dels \u00e0mbits de representaci\u00f3 pol\u00edtica que tenen capacitat de gesti\u00f3 i, pitjor encara, afecta individus que pertanyen tots els partits pol\u00edtics.<\/p>\n<p>Per exemple, algunes persones en Esquerra Unida obliden que les actes de diputats s\u00f3n personals, tot i la contradicci\u00f3 i el greuge que patim en haver-los d&#8217;elegir en llistes partid\u00e0ries tancades. Un altre exemple \u00e9s la Direcci\u00f3 General d&#8217;Administraci\u00f3 Auton\u00f2mica, que amena\u00e7a &mdash;primer&mdash; i acaba posant recursos contra les relacions de llocs de treball municipals que inclouen el requisit ling\u00fc\u00edstic, a pesar que haja estat fixat t\u00e8cnicament i seguint la doctrina dels tribunals (<span class=\"\">tsj<\/span> o <span class=\"\">tc<\/span>).<\/p>\n<p>Tota esta tirallonga pretenia emmarcar la not\u00edcia del diari <em>Avui<\/em> (<a href=\"http:\/\/paper.avui.cat\/article\/societat\/92337\/sancionades\/empreses\/no\/utilitzar\/catala.html\" target=\"_blank\">12.08.2007<\/a>):<\/p>\n<blockquote>\n<h2>Sancionades 170 empreses el 2006 per no utilitzar el catal\u00e0<\/h2>\n<h3>| En 150 inspeccions, a m\u00e9s de la infracci\u00f3 ling\u00fc\u00edstica s&#8217;hi van detectar altres irregularitats | Des del 2003 s&#8217;han posat 313 sancions | Consum diu que prioritza primar el foment del catal\u00e0 per davant de les multes<\/h3>\n<h5>S\u00f2nia Pau<\/h5>\n<p>L&#8217;Ag\u00e8ncia Catalana de Consum (ACC) va sancionar l&#8217;any passat 170 establiments o empreses per incomplir la llei de pol\u00edtica ling\u00fc\u00edstica. En la majoria de casos, l&#8217;incompliment \u00e9s per no tenir els r\u00e8tols, els fulls de reclamaci\u00f3, el llistat de preus o la carta, si es tracta d&#8217;un restaurant, en catal\u00e0. Tamb\u00e9 hi va haver empreses sancionades per no tenir contractes en aquesta llengua, quan les mancances ling\u00fc\u00edstiques es van detectar en el sector immobiliari. La Generalitat va recaptar per aquest concepte m\u00e9s de 48.625 euros al llarg del 2006.<\/p>\n<p>En 105 casos, per\u00f2, els establiments o negocis multats no estaven fora de la llei nom\u00e9s en q\u00fcestions de llengua, sin\u00f3 que van haver de pagar multes per m\u00e9s d&#8217;un concepte. Segons el balan\u00e7 de Consum, per tant, \u00fanicament 65 dels expedients, que signifiquen el 6,8% del total, es van resoldre amb sanci\u00f3 \u00fanicament per q\u00fcestions de llengua. De fet, segons una portaveu de Consum, la mitjana \u00e9s d&#8217;unes quatre infraccions per expedient.<\/p>\n<p>La mateixa portaveu va destacar que nom\u00e9s es van cobrar 48.625 euros per no fer servir el catal\u00e0 tal com marca la llei, mentre que el volum total recaptatori per altres irregularitats en mat\u00e8ria de consum supera els 2,5 milions d&#8217;euros. \u00c9s a dir, que les sancions ling\u00fc\u00edstiques no superen el 2% de les multes de Consum.<\/p>\n<p>El 2005 es van posar 119 sancions en mat\u00e8ria ling\u00fc\u00edstica, mentre que l&#8217;any anterior n&#8217;hi havia hagut 22 i el 2003 dues, segons la resposta del conseller d&#8217;Economia, Antoni Castells, de qui dep\u00e8n Consum aquesta legislatura, a una pregunta del grup parlamentari del PP. En la mateixa resposta, Castells assegura que la voluntat del govern \u00e9s \u00abconv\u00e8ncer, incentivar i motivar, abans que sancionar\u00bb.<\/p>\n<p>Des de Consum, insisteixen en la necessitat de fer pedagogia sobre la llei del catal\u00e0 i, a m\u00e9s, per eliminar qualsevol sospita sobre una possible persecuci\u00f3 del castell\u00e0 indiquen que el control del compliment de la llei en aquesta mat\u00e8ria \u00e9s exactament el mateix que es fa en els altres aspectes que afecten els drets b\u00e0sics dels consumidors. Un inspector de Consum vigila la llengua dels r\u00e8tols, per\u00f2 tamb\u00e9 que l&#8217;establiment tingui fulls de reclamaci\u00f3, que l&#8217;etiqueta d&#8217;uns pantalons indiqui com s&#8217;han de rentar i que les joguines vagin amb les corresponents instruccions.<\/p>\n<p><strong>Castells i els empresaris<\/strong><\/p>\n<p>La norma ling\u00fc\u00edstica va ser un dels temes d&#8217;una reuni\u00f3 del conseller Castells amb empresaris celebrada al juny. El consellers els va prometre aplicar-la de forma \u00abponderada\u00bb i sense pressions en mat\u00e8ria d&#8217;etiquetes i r\u00e8tols, per primar les mesures de foment del catal\u00e0 per davant de les sancions.\n<\/p><\/blockquote>\n","protected":false},"excerpt":{"rendered":"<p>Hi ha qui diu que vol defensar els drets dels ciutadans i per aix\u00f2 insistix en els deures que han de complir tant els ciutadans, les empreses i les administracions p\u00fabliques. Per exemple, l&#8217;etiquetatge dels productes ha de ser en unes lleng\u00fces determinades, la senyalitzaci\u00f3 vi\u00e0ria tamb\u00e9, l&#8217;ensenyament s&#8217;ha de vehicular en unes lleng\u00fces o [&hellip;]<\/p>\n","protected":false},"author":2,"featured_media":0,"comment_status":"open","ping_status":"open","sticky":false,"template":"","format":"standard","meta":{"footnotes":""},"categories":[4,1,47,19,24],"tags":[],"class_list":["post-156","post","type-post","status-publish","format-standard","hentry","category-dret","category-general","category-planificacio","category-politica","category-requisit-linguistic"],"_links":{"self":[{"href":"https:\/\/www.cdlpv.org\/dtl\/wp-json\/wp\/v2\/posts\/156","targetHints":{"allow":["GET"]}}],"collection":[{"href":"https:\/\/www.cdlpv.org\/dtl\/wp-json\/wp\/v2\/posts"}],"about":[{"href":"https:\/\/www.cdlpv.org\/dtl\/wp-json\/wp\/v2\/types\/post"}],"author":[{"embeddable":true,"href":"https:\/\/www.cdlpv.org\/dtl\/wp-json\/wp\/v2\/users\/2"}],"replies":[{"embeddable":true,"href":"https:\/\/www.cdlpv.org\/dtl\/wp-json\/wp\/v2\/comments?post=156"}],"version-history":[{"count":0,"href":"https:\/\/www.cdlpv.org\/dtl\/wp-json\/wp\/v2\/posts\/156\/revisions"}],"wp:attachment":[{"href":"https:\/\/www.cdlpv.org\/dtl\/wp-json\/wp\/v2\/media?parent=156"}],"wp:term":[{"taxonomy":"category","embeddable":true,"href":"https:\/\/www.cdlpv.org\/dtl\/wp-json\/wp\/v2\/categories?post=156"},{"taxonomy":"post_tag","embeddable":true,"href":"https:\/\/www.cdlpv.org\/dtl\/wp-json\/wp\/v2\/tags?post=156"}],"curies":[{"name":"wp","href":"https:\/\/api.w.org\/{rel}","templated":true}]}}