{"id":155,"date":"2007-08-15T11:30:20","date_gmt":"2007-08-15T10:30:20","guid":{"rendered":"http:\/\/www.cdlpv.org\/dtl\/?p=155"},"modified":"2007-08-15T11:30:20","modified_gmt":"2007-08-15T10:30:20","slug":"subvencions-estatals-a-les-editorials","status":"publish","type":"post","link":"https:\/\/www.cdlpv.org\/dtl\/2007\/08\/15\/subvencions-estatals-a-les-editorials\/","title":{"rendered":"Subvencions estatals a les editorials"},"content":{"rendered":"<p>L&#8217;estat tamb\u00e9 participa, \u00e9s clar, de la pol\u00edtica de la subvenci\u00f3 a empreses que treballen en les lleng\u00fces de l&#8217;estat diferents de l&#8217;espanyol. Eixa pol\u00edtica, com la caritat, \u00e9s un peda\u00e7 substitutiu de la pol\u00edtica de la gesti\u00f3 amb qu\u00e8 sembla que ens hem de conformar, si no \u00e9s que volen que fins i tot els ho aplaudim.<\/p>\n<p>De fet, m\u00e9s que caritat haur\u00edem de tindre drets i deures, espais de llibertat i de responsabilitat, de producci\u00f3 i de circulaci\u00f3. Naturalment, aix\u00f2 hauria de ser la conseq\u00fc\u00e8ncia normal de la il\u00b7lusi\u00f3 que tots formem part &mdash;\u00a1i ara!&mdash; de la mateixa entitat pol\u00edtica democr\u00e0tica, el Regne d&#8217;Espanya.<\/p>\n<p>La not\u00edcia que ens reporta Vilaweb (<span class=\"versaleta\">ep<\/span>, <a href=\"http:\/\/www.vilaweb.cat\/www\/ep\/noticia?noticia=2511615\" target=\"_blank\">10.08.2007<\/a>) \u00e9s la seg\u00fcent:<\/p>\n<blockquote>\n<h2>El Ministeri destina vora 22.000 euros a ajudes a l&#8217;edici\u00f3 d&#8217;obres liter\u00e0ries en valenci\u00e0<\/h2>\n<h5>VAL\u00c8NCIA, 10.08.2007 (EUROPA PRESS)<\/h5>\n<p>Un total de cinc editorials de la Comunitat Valenciana es repartiran els 21.850 euros que el Ministeri de Cultura ha concedit per al foment de l&#8217;edici\u00f3 d&#8217;obres liter\u00e0ries en valenci\u00e0. En concret, les firmes benefici\u00e0ries s\u00f3n Brosquil, Bromera, Tres i Quatre, Edicions del Bullent i Perif\u00e8ric.<\/p>\n<p>Segons la llista d&#8217;ajudes, que publica hui el Butllet\u00ed Oficial d&#8217;Estat (<span class=\"versaleta\">boe<\/span>) i que recull Europa Press, Bromera rebr\u00e0 el major muntant econ\u00f2mic &mdash;7.566 euros&mdash; per a cinc llibres. Es tracta de <em>Pana negra<\/em> de Joan Olivares; <em>Contra Unamuno<\/em> de Joan Fuster; <em>La frontera negra<\/em> de Silvestre Vilaplana; <em>L&#8217;artista en el laboratori<\/em> de Xavier Dur\u00e1n, i <em>Em dic vermell<\/em> del recent Premi Nobel de Literatura Orhan Pamuk.<\/p>\n<p>A Brosquil Edicions se li ha atorgat una ajuda global de 5.706 euros, que aniran a parar a les obres <em>L&#8217;\u00faltima vict\u00f2ria de Tirant lo Blanch<\/em>; <em>El somni de Gabriel Garcia M\u00e1rquez<\/em> i <em>El somni de Lorca<\/em>. Per part seua, a Tres i Quatre se li han assignat 3.910 euros per a la publicaci\u00f3 de <em>Borja Papa<\/em> de Joan Francesc Mira, i <em>Simenon i la connexi\u00f3 catalana<\/em> de Xavier Pla.<\/p>\n<p>Completen la llista Edicions del Bullent, amb 2.976 euros, per a <em>Els valencians a l&#8217;Alger<\/em> de Joan-Llu\u00eds Monjo i \u00c0ngela-Rosa Menages; i <em>Els tresors dels Maulets<\/em> de Josep Castell\u00f3; i Perif\u00e8ric <span class=\"versaleta\">tv sl<\/span>, que disposar\u00e0 de 1.692 euros per a l&#8217;obra <em>El domador de l\u00ednies<\/em> de Marc Granell i l&#8217;il\u00b7lustrador Francisco Gim\u00e9nez.<\/p>\n<p>La Comissi\u00f3 de Valoraci\u00f3 del Ministeri de Cultura ha concedit, despr\u00e9s d&#8217;estudiar les diferents propostes, ajudes el 2007 per al foment de l&#8217;edici\u00f3 de llibres espanyols en lleng\u00fces oficials diferents a la castellana a un total de 50 empreses editorials i un centenar de projectes per un import total de 199.946 euros.\n<\/p><\/blockquote>\n","protected":false},"excerpt":{"rendered":"<p>L&#8217;estat tamb\u00e9 participa, \u00e9s clar, de la pol\u00edtica de la subvenci\u00f3 a empreses que treballen en les lleng\u00fces de l&#8217;estat diferents de l&#8217;espanyol. Eixa pol\u00edtica, com la caritat, \u00e9s un peda\u00e7 substitutiu de la pol\u00edtica de la gesti\u00f3 amb qu\u00e8 sembla que ens hem de conformar, si no \u00e9s que volen que fins i tot [&hellip;]<\/p>\n","protected":false},"author":2,"featured_media":0,"comment_status":"open","ping_status":"open","sticky":false,"template":"","format":"standard","meta":{"footnotes":""},"categories":[5,1,19,28],"tags":[],"class_list":["post-155","post","type-post","status-publish","format-standard","hentry","category-edicio","category-general","category-politica","category-subvencions"],"_links":{"self":[{"href":"https:\/\/www.cdlpv.org\/dtl\/wp-json\/wp\/v2\/posts\/155","targetHints":{"allow":["GET"]}}],"collection":[{"href":"https:\/\/www.cdlpv.org\/dtl\/wp-json\/wp\/v2\/posts"}],"about":[{"href":"https:\/\/www.cdlpv.org\/dtl\/wp-json\/wp\/v2\/types\/post"}],"author":[{"embeddable":true,"href":"https:\/\/www.cdlpv.org\/dtl\/wp-json\/wp\/v2\/users\/2"}],"replies":[{"embeddable":true,"href":"https:\/\/www.cdlpv.org\/dtl\/wp-json\/wp\/v2\/comments?post=155"}],"version-history":[{"count":0,"href":"https:\/\/www.cdlpv.org\/dtl\/wp-json\/wp\/v2\/posts\/155\/revisions"}],"wp:attachment":[{"href":"https:\/\/www.cdlpv.org\/dtl\/wp-json\/wp\/v2\/media?parent=155"}],"wp:term":[{"taxonomy":"category","embeddable":true,"href":"https:\/\/www.cdlpv.org\/dtl\/wp-json\/wp\/v2\/categories?post=155"},{"taxonomy":"post_tag","embeddable":true,"href":"https:\/\/www.cdlpv.org\/dtl\/wp-json\/wp\/v2\/tags?post=155"}],"curies":[{"name":"wp","href":"https:\/\/api.w.org\/{rel}","templated":true}]}}