{"id":1541,"date":"2010-03-23T09:34:48","date_gmt":"2010-03-23T08:34:48","guid":{"rendered":"http:\/\/www.cdlpv.org\/dtl\/?p=1541"},"modified":"2010-03-23T09:34:48","modified_gmt":"2010-03-23T08:34:48","slug":"promocio-del-programari-en-valencia","status":"publish","type":"post","link":"https:\/\/www.cdlpv.org\/dtl\/2010\/03\/23\/promocio-del-programari-en-valencia\/","title":{"rendered":"Promoci\u00f3 del programari en valenci\u00e0"},"content":{"rendered":"<p>Softcatal\u00e0 ens informa sobre la iniciativa Softvalenci\u00e0:<\/p>\n<blockquote><p>\n<a href=\"http:\/\/www.softvalencia.org\/\" target=\"_blank\">Softvalenci\u00e0<\/a> \u00e9s una iniciativa de <a href=\"http:\/\/www.softcatala.org\/\" target=\"_blank\">Softcatal\u00e0<\/a> i <a href=\"http:\/\/www.escolavalenciana.com\/\" target=\"_blank\">Escola Valenciana<\/a> per a promoure l&#8217;\u00fas de programari en valenci\u00e0 \u2014el programari en catal\u00e0 al Pa\u00eds Valenci\u00e0 i preferentment en variant valenciana. La iniciativa se centra en diferents aspectes:<\/p>\n<ul>\n<li>Posar a disposici\u00f3 de tothom les eines i manuals necessaris per a tindre un sistema completament en valenci\u00e0.<\/li>\n<li>Proveir d&#8217;eines de <a href=\"http:\/\/www.softvalencia.org\/traductor\" target=\"_blank\">traducci\u00f3<\/a> i <a href=\"http:\/\/www.softvalencia.org\/corrector\" target=\"_blank\">correcci\u00f3<\/a> amb les darreres normes actualitzades de l&#8217;Acad\u00e8mia Valenciana de la Llengua. El traductor inclour\u00e0 traduccions al castell\u00e0, angl\u00e9s, franc\u00e9s i portugu\u00e9s.<\/li>\n<li>Donar a con\u00e9ixer la guia d&#8217;estil de les traduccions <a href=\"http:\/\/www.softvalencia.org\/proposta\" target=\"_blank\">valencianes<\/a> que complementa la guia d&#8217;estil per a la traducci\u00f3 de productes inform\u00e0tics de <a href=\"http:\/\/www.softcatala.org\/wiki\/Guia_d%27estil\/Guia_2010\" target=\"_blank\">Softcatal\u00e0<\/a>.<\/li>\n<li>Promoure la <a href=\"http:\/\/www.softvalencia.org\/navega-en-valencia\" target=\"_blank\">navegaci\u00f3 en valenci\u00e0<\/a> per tal que la nostra llengua siga reconeguda a Internet.<\/li>\n<\/ul>\n<p>L&#8217;any 2005 els membres valencians de Softcatal\u00e0 comen\u00e7aren a fer localitzacions a la variant valenciana. Per dur a terme estes localitzacions s&#8217;hagu\u00e9 de desenvolupar una guia d&#8217;estil per a les adaptacions valencianes a partir de les traduccions en variant general.<\/p>\n<p>El projecte Softvalenci\u00e0 t\u00e9 el suport dels serveis ling\u00fc\u00edstics de les universitats p\u00fabliques valencianes* i de l&#8217;Acad\u00e8mia Valenciana de la Llengua**.<\/p>\n<p>La finalitat \u00e9s poder disposar de programari en variant valenciana sense haver de duplicar esfor\u00e7os. Aix\u00f2 s&#8217;ha aconseguit gr\u00e0cies a una eina que permet fer les adaptacions de manera r\u00e0pida i senzilla. Tot plegat ha perm\u00e9s que entorns d&#8217;escriptori sencers com el <span class=\"versaleta\">gnome<\/span> o el <span class=\"versaleta\">kde<\/span> estiguen \u00edntegrament en variant valenciana, i tamb\u00e9 altres aplicacions com ara el Firefox, el Thunderbird, el VirtualBox, el Kompozer, etc.<\/p>\n<p>\u00c9s important remarcar que Softvalenci\u00e0 no \u00e9s cap associaci\u00f3 diferent de Softcatal\u00e0, sin\u00f3 una iniciativa pr\u00f2pia amb els prop\u00f2sits esmentats. D&#8217;altra banda, tamb\u00e9 cal comentar que la localitzaci\u00f3 en diferents variants d&#8217;una mateixa llengua \u00e9s quelcom ja habitual a l&#8217;\u00e0mbit inform\u00e0tic: \u00e9s possible trobar programari en les variants d&#8217;angl\u00e9s americ\u00e0 o brit\u00e0nic o d&#8217;espanyol d&#8217;Espanya o d&#8217;Argentina.<\/p>\n<p>La p\u00e0gina web de Softvalenci\u00e0 ser\u00e0 el punt on s&#8217;anir\u00e0 recollint tot el programari adaptat en variant valenciana i on els usuaris podran fer servir i consultar les eines posades a la seua disposici\u00f3.<\/p>\n<hr noShade \/>\n<p>* El mes de juliol de 2009 la Universitat de Val\u00e8ncia va emetre un escrit de suport a esta iniciativa a la qual tamb\u00e9 s&#8217;afegiren les universitats d&#8217;Alacant, <span class=\"versaleta\">uji<\/span> i <span class=\"versaleta\">upv<\/span>.<\/p>\n<p>** La Junta de Govern de l&#8217;Acad\u00e8mia Valenciana de la Llengua, en la reuni\u00f3 del dia 24 de febrer del 2010, va acordar donar suport a les iniciatives de promoci\u00f3 de l&#8217;\u00fas del valenci\u00e0 en l&#8217;\u00e0mbit inform\u00e0tic organitzades per Softvalenci\u00e0.\n<\/p><\/blockquote>\n","protected":false},"excerpt":{"rendered":"<p>Softcatal\u00e0 ens informa sobre la iniciativa Softvalenci\u00e0: Softvalenci\u00e0 \u00e9s una iniciativa de Softcatal\u00e0 i Escola Valenciana per a promoure l&#8217;\u00fas de programari en valenci\u00e0 \u2014el programari en catal\u00e0 al Pa\u00eds Valenci\u00e0 i preferentment en variant valenciana. La iniciativa se centra en diferents aspectes: Posar a disposici\u00f3 de tothom les eines i manuals necessaris per a [&hellip;]<\/p>\n","protected":false},"author":2,"featured_media":0,"comment_status":"open","ping_status":"open","sticky":false,"template":"","format":"standard","meta":{"footnotes":""},"categories":[2,10,1,12,27],"tags":[183],"class_list":["post-1541","post","type-post","status-publish","format-standard","hentry","category-comunicacio","category-formacio","category-general","category-informatica","category-sociolinguistica","tag-escola-valenciana"],"_links":{"self":[{"href":"https:\/\/www.cdlpv.org\/dtl\/wp-json\/wp\/v2\/posts\/1541","targetHints":{"allow":["GET"]}}],"collection":[{"href":"https:\/\/www.cdlpv.org\/dtl\/wp-json\/wp\/v2\/posts"}],"about":[{"href":"https:\/\/www.cdlpv.org\/dtl\/wp-json\/wp\/v2\/types\/post"}],"author":[{"embeddable":true,"href":"https:\/\/www.cdlpv.org\/dtl\/wp-json\/wp\/v2\/users\/2"}],"replies":[{"embeddable":true,"href":"https:\/\/www.cdlpv.org\/dtl\/wp-json\/wp\/v2\/comments?post=1541"}],"version-history":[{"count":0,"href":"https:\/\/www.cdlpv.org\/dtl\/wp-json\/wp\/v2\/posts\/1541\/revisions"}],"wp:attachment":[{"href":"https:\/\/www.cdlpv.org\/dtl\/wp-json\/wp\/v2\/media?parent=1541"}],"wp:term":[{"taxonomy":"category","embeddable":true,"href":"https:\/\/www.cdlpv.org\/dtl\/wp-json\/wp\/v2\/categories?post=1541"},{"taxonomy":"post_tag","embeddable":true,"href":"https:\/\/www.cdlpv.org\/dtl\/wp-json\/wp\/v2\/tags?post=1541"}],"curies":[{"name":"wp","href":"https:\/\/api.w.org\/{rel}","templated":true}]}}