{"id":154,"date":"2007-08-14T22:21:11","date_gmt":"2007-08-14T21:21:11","guid":{"rendered":"http:\/\/www.cdlpv.org\/dtl\/?p=154"},"modified":"2007-08-14T22:21:11","modified_gmt":"2007-08-14T21:21:11","slug":"aprendre-catala-anant-pel-mon-seriosament","status":"publish","type":"post","link":"https:\/\/www.cdlpv.org\/dtl\/2007\/08\/14\/aprendre-catala-anant-pel-mon-seriosament\/","title":{"rendered":"Aprendre catal\u00e0 anant pel m\u00f3n seriosament"},"content":{"rendered":"<p><img decoding=\"async\" id=\"image153\" src=\"http:\/\/www.cdlpv.org\/dtl\/wp-content\/catalan1.miniatura.jpg\" alt=\"Catal\u00e0 per a francesos.\" align=\"right\" \/> Regirant pels diaris de la xarxa podem trobar coses que ens ajuden a valorar-nos una miqueta com a usuaris d&#8217;una llengua d&#8217;inter\u00e9s internacional. Aix\u00ed, en <a href=\"http:\/\/www.liberation.fr\/php\/pages\/pageSearch.php?recherche=catalan&#038;but_go=chercher\" target=\"_blank\"><em>Lib\u00e9ration<\/em><\/a> he trobat un anunci d&#8217;un m\u00e8tode per a aprendre catal\u00e0 en el web del <a href=\"http:\/\/www.peluche.de\/sfrf\/index.html?target=85.html\" target=\"_blank\">LanguageLearningCenter<\/a>. Doncs, s\u00ed, aquella an\u00e8cdota de Su\u00e1rez en qu\u00e8 el bon senyor es ria bastant de l&#8217;ensenyament en catal\u00e0 o basc, mostra bastant el nivell d&#8217;aquell moment (1976) o d&#8217;aquells personatges. Per cert, nom\u00e9s he trobat el text de l&#8217;an\u00e8cdota en un escrit de Josu Jon Imaz (que ha memoritzat <a href=\"http:\/\/64.233.183.104\/search?q=cache:X8PtIFeopQ4J:www.eaj-pnb.com\/fr\/documentos_des.asp%3Fid_documento%3D5463+F%C3%ADsica+en+catal%C3%A1n+serios+Su%C3%A1rez&#038;hl=ca&#038;ct=clnk&#038;cd=1&#038;client=mozilla\" target=\"_blank\">Google<\/a>):<\/p>\n<blockquote><p>\nHi ha una an\u00e8cdota que m&#8217;agrada molt. El juliol de 1976, quan Su\u00e1rez va ser elegit, designat &mdash;encara est\u00e0vem en temps de la predemocr\u00e0cia&mdash; president del govern, li feren una entrevista i li van demanar: \u00abSenyor Su\u00e1rez, \u00bfcal fomentar l&#8217;ensenyament de l&#8217;\u00e8uscar i del catal\u00e0?\u00bb. I Su\u00e1rez va contestar: \u00abHome, s\u00ed, en les escoles cal fomentar l&#8217;ensenyament de l&#8217;\u00e8uscar i del catal\u00e0, per\u00f2, sigam seriosos, mai no es podr\u00e0 ensenyar f\u00edsica nuclear en \u00e8uscar&#8221;.\n<\/p><\/blockquote>\n<p>Sortosament, ara ja sabem que eixos \u00abseriosos\u00bb s\u00f3n molt de la broma&#8230;<\/p>\n","protected":false},"excerpt":{"rendered":"<p>Regirant pels diaris de la xarxa podem trobar coses que ens ajuden a valorar-nos una miqueta com a usuaris d&#8217;una llengua d&#8217;inter\u00e9s internacional. Aix\u00ed, en Lib\u00e9ration he trobat un anunci d&#8217;un m\u00e8tode per a aprendre catal\u00e0 en el web del LanguageLearningCenter. Doncs, s\u00ed, aquella an\u00e8cdota de Su\u00e1rez en qu\u00e8 el bon senyor es ria bastant [&hellip;]<\/p>\n","protected":false},"author":2,"featured_media":0,"comment_status":"open","ping_status":"open","sticky":false,"template":"","format":"standard","meta":{"footnotes":""},"categories":[4,45,1,19,24],"tags":[],"class_list":["post-154","post","type-post","status-publish","format-standard","hentry","category-dret","category-ensenyament","category-general","category-politica","category-requisit-linguistic"],"_links":{"self":[{"href":"https:\/\/www.cdlpv.org\/dtl\/wp-json\/wp\/v2\/posts\/154","targetHints":{"allow":["GET"]}}],"collection":[{"href":"https:\/\/www.cdlpv.org\/dtl\/wp-json\/wp\/v2\/posts"}],"about":[{"href":"https:\/\/www.cdlpv.org\/dtl\/wp-json\/wp\/v2\/types\/post"}],"author":[{"embeddable":true,"href":"https:\/\/www.cdlpv.org\/dtl\/wp-json\/wp\/v2\/users\/2"}],"replies":[{"embeddable":true,"href":"https:\/\/www.cdlpv.org\/dtl\/wp-json\/wp\/v2\/comments?post=154"}],"version-history":[{"count":0,"href":"https:\/\/www.cdlpv.org\/dtl\/wp-json\/wp\/v2\/posts\/154\/revisions"}],"wp:attachment":[{"href":"https:\/\/www.cdlpv.org\/dtl\/wp-json\/wp\/v2\/media?parent=154"}],"wp:term":[{"taxonomy":"category","embeddable":true,"href":"https:\/\/www.cdlpv.org\/dtl\/wp-json\/wp\/v2\/categories?post=154"},{"taxonomy":"post_tag","embeddable":true,"href":"https:\/\/www.cdlpv.org\/dtl\/wp-json\/wp\/v2\/tags?post=154"}],"curies":[{"name":"wp","href":"https:\/\/api.w.org\/{rel}","templated":true}]}}