{"id":1533,"date":"2010-03-11T14:11:01","date_gmt":"2010-03-11T13:11:01","guid":{"rendered":"http:\/\/www.cdlpv.org\/dtl\/?p=1533"},"modified":"2010-03-11T14:11:01","modified_gmt":"2010-03-11T13:11:01","slug":"dades-sociolinguistiques-de-tarragona","status":"publish","type":"post","link":"https:\/\/www.cdlpv.org\/dtl\/2010\/03\/11\/dades-sociolinguistiques-de-tarragona\/","title":{"rendered":"Dades socioling\u00fc\u00edstiques de Tarragona"},"content":{"rendered":"<p>Xavier Rull ens envia a trav\u00e9s d&#8217;Infoz\u00e8fir la informaci\u00f3 seg\u00fcent:<\/p>\n<blockquote>\n<h2>Presentaci\u00f3 de les dades socioling\u00fc\u00edstiques del Camp de Tarragona<\/h2>\n<p><strong>Dia:<\/strong> dimecres 17 de mar\u00e7 del 2010<br \/>\n<strong>Hora:<\/strong> 10 del mat\u00ed<br \/>\n<strong>Lloc:<\/strong> Sala de Graus de la Facultat de Lletres, Campus Catalunya, Universitat Rovira i Virgili (av. Catalunya, 35)\n<\/p><\/blockquote>\n","protected":false},"excerpt":{"rendered":"<p>Xavier Rull ens envia a trav\u00e9s d&#8217;Infoz\u00e8fir la informaci\u00f3 seg\u00fcent: Presentaci\u00f3 de les dades socioling\u00fc\u00edstiques del Camp de Tarragona Dia: dimecres 17 de mar\u00e7 del 2010 Hora: 10 del mat\u00ed Lloc: Sala de Graus de la Facultat de Lletres, Campus Catalunya, Universitat Rovira i Virgili (av. Catalunya, 35)<\/p>\n","protected":false},"author":2,"featured_media":0,"comment_status":"open","ping_status":"open","sticky":false,"template":"","format":"standard","meta":{"footnotes":""},"categories":[2,3,1,27],"tags":[189,459],"class_list":["post-1533","post","type-post","status-publish","format-standard","hentry","category-comunicacio","category-documentacio","category-general","category-sociolinguistica","tag-estadistiques","tag-tarragona"],"_links":{"self":[{"href":"https:\/\/www.cdlpv.org\/dtl\/wp-json\/wp\/v2\/posts\/1533","targetHints":{"allow":["GET"]}}],"collection":[{"href":"https:\/\/www.cdlpv.org\/dtl\/wp-json\/wp\/v2\/posts"}],"about":[{"href":"https:\/\/www.cdlpv.org\/dtl\/wp-json\/wp\/v2\/types\/post"}],"author":[{"embeddable":true,"href":"https:\/\/www.cdlpv.org\/dtl\/wp-json\/wp\/v2\/users\/2"}],"replies":[{"embeddable":true,"href":"https:\/\/www.cdlpv.org\/dtl\/wp-json\/wp\/v2\/comments?post=1533"}],"version-history":[{"count":0,"href":"https:\/\/www.cdlpv.org\/dtl\/wp-json\/wp\/v2\/posts\/1533\/revisions"}],"wp:attachment":[{"href":"https:\/\/www.cdlpv.org\/dtl\/wp-json\/wp\/v2\/media?parent=1533"}],"wp:term":[{"taxonomy":"category","embeddable":true,"href":"https:\/\/www.cdlpv.org\/dtl\/wp-json\/wp\/v2\/categories?post=1533"},{"taxonomy":"post_tag","embeddable":true,"href":"https:\/\/www.cdlpv.org\/dtl\/wp-json\/wp\/v2\/tags?post=1533"}],"curies":[{"name":"wp","href":"https:\/\/api.w.org\/{rel}","templated":true}]}}