{"id":1528,"date":"2010-03-08T15:05:07","date_gmt":"2010-03-08T14:05:07","guid":{"rendered":"http:\/\/www.cdlpv.org\/dtl\/?p=1528"},"modified":"2010-03-08T15:05:07","modified_gmt":"2010-03-08T14:05:07","slug":"els-usos-linguistics-del-professorat-del-sud-valencia","status":"publish","type":"post","link":"https:\/\/www.cdlpv.org\/dtl\/2010\/03\/08\/els-usos-linguistics-del-professorat-del-sud-valencia\/","title":{"rendered":"Els usos ling\u00fc\u00edstics del professorat del sud valenci\u00e0"},"content":{"rendered":"<p>La tasca d&#8217;esbrinar els mecanismes que provoquen o impedixen l&#8217;\u00fas real del valenci\u00e0 t\u00e9 un nou element de suport en el llibre <em>L\u2019\u00fas interpersonal del catal\u00e0 entre el professorat d\u2019Elx-Vinalop\u00f3 i de l\u2019Alacant\u00ed 2008-2009<\/em> de Joan-Carles Mart\u00ed i Casanova (editat per l&#8217;associaci\u00f3 <a href=\"http:\/\/www.eltempir.cat\/en\/2010\/01\/28\/l%E2%80%99us-interpersonal-del-catala-entre-el-professorat-d%E2%80%99elx-vinalopo-i-de-l%E2%80%99alacanti-2008-2009\/\" target=\"_blank\">El Tempir<\/a>). Mentres no el llegim, podem llegir el comentari que n&#8217;ha fet Vicent Baydal en el diari <em>L&#8217;informatiu.com<\/em> <a href=\"http:\/\/www.linformatiu.com\/nc\/opinio\/detalle\/articulo\/lus-crea-lus\" target=\"_blank\">(22.02.2010)<\/a>, on comenta, entre altres coses:<\/p>\n<blockquote><p>\nAix\u00ed arribem al punt central en qu\u00e8 la majoria d\u2019autors que tracten sobre la q\u00fcesti\u00f3 insisteixen una i una altra vegada: l\u2019\u00fas del valenci\u00e0 crea l\u2019\u00fas exponencial del valenci\u00e0, de la mateixa manera que, inversament, \u00abel des\u00fas crea una hecatombe de des\u00fas\u00bb. Si la llengua valenciana s\u2019amaga al carrer, \u00e9s impossible que el seu \u00fas social puga augmentar.\n<\/p><\/blockquote>\n","protected":false},"excerpt":{"rendered":"<p>La tasca d&#8217;esbrinar els mecanismes que provoquen o impedixen l&#8217;\u00fas real del valenci\u00e0 t\u00e9 un nou element de suport en el llibre L\u2019\u00fas interpersonal del catal\u00e0 entre el professorat d\u2019Elx-Vinalop\u00f3 i de l\u2019Alacant\u00ed 2008-2009 de Joan-Carles Mart\u00ed i Casanova (editat per l&#8217;associaci\u00f3 El Tempir). Mentres no el llegim, podem llegir el comentari que n&#8217;ha fet [&hellip;]<\/p>\n","protected":false},"author":2,"featured_media":0,"comment_status":"open","ping_status":"open","sticky":false,"template":"","format":"standard","meta":{"footnotes":""},"categories":[2,3,10,1,27],"tags":[291],"class_list":["post-1528","post","type-post","status-publish","format-standard","hentry","category-comunicacio","category-documentacio","category-formacio","category-general","category-sociolinguistica","tag-llibres"],"_links":{"self":[{"href":"https:\/\/www.cdlpv.org\/dtl\/wp-json\/wp\/v2\/posts\/1528","targetHints":{"allow":["GET"]}}],"collection":[{"href":"https:\/\/www.cdlpv.org\/dtl\/wp-json\/wp\/v2\/posts"}],"about":[{"href":"https:\/\/www.cdlpv.org\/dtl\/wp-json\/wp\/v2\/types\/post"}],"author":[{"embeddable":true,"href":"https:\/\/www.cdlpv.org\/dtl\/wp-json\/wp\/v2\/users\/2"}],"replies":[{"embeddable":true,"href":"https:\/\/www.cdlpv.org\/dtl\/wp-json\/wp\/v2\/comments?post=1528"}],"version-history":[{"count":0,"href":"https:\/\/www.cdlpv.org\/dtl\/wp-json\/wp\/v2\/posts\/1528\/revisions"}],"wp:attachment":[{"href":"https:\/\/www.cdlpv.org\/dtl\/wp-json\/wp\/v2\/media?parent=1528"}],"wp:term":[{"taxonomy":"category","embeddable":true,"href":"https:\/\/www.cdlpv.org\/dtl\/wp-json\/wp\/v2\/categories?post=1528"},{"taxonomy":"post_tag","embeddable":true,"href":"https:\/\/www.cdlpv.org\/dtl\/wp-json\/wp\/v2\/tags?post=1528"}],"curies":[{"name":"wp","href":"https:\/\/api.w.org\/{rel}","templated":true}]}}